{"id":51616,"date":"2026-09-03T19:14:38","date_gmt":"2026-09-03T22:14:38","guid":{"rendered":"https:\/\/zulenealves.com.br\/?p=51616"},"modified":"2026-09-03T19:14:38","modified_gmt":"2026-09-03T22:14:38","slug":"lula-defende-despesa-com-previdencia-e-diz-que-acabou-com-fraude-no-inss","status":"publish","type":"post","link":"https:\/\/zulenealves.com.br\/index.php\/2026\/09\/03\/lula-defende-despesa-com-previdencia-e-diz-que-acabou-com-fraude-no-inss\/","title":{"rendered":"Lula defende despesa com previd\u00eancia e diz que acabou com fraude no INSS"},"content":{"rendered":"<p><img fetchpriority=\"high\" decoding=\"async\" class=\"aligncenter\" src=\"https:\/\/admin.cnnbrasil.com.br\/wp-content\/uploads\/sites\/12\/2026\/08\/Captura-de-tela-2026-08-22-153323.png?w=419&amp;h=283&amp;crop=0&amp;quality=90\" alt=\"O presidente Lula (PT) discursa durante ato no Est\u00e1dio Mo\u00e7a Bonita, em Bangu, na zona oeste do Rio de Janeiro\" width=\"563\" height=\"362\" \/><\/p>\n<p style=\"text-align: justify;\">O presidente Luiz In\u00e1cio Lula da Silva (PT) defendeu, em cerim\u00f4nia no Pal\u00e1cio do Planalto nesta quinta-feira (3), as despesas previdenci\u00e1rias do governo e afirmou que seu governo acabou com as fraudes de descontos indevidos do INSS (Instituto Nacional do Seguro Social).<\/p>\n<p class=\"my-5 break-words group-[.isActiveSource]:text-xl\" style=\"text-align: justify;\">\u201cTenho muito orgulho que foi no meu governo que a gente descobriu a quadrilha montada no governo passado: uma quadrilha para roubar aposentados, as pessoas mais humildes, que tem uma vida financeira precarizada\u201d, disse.<\/p>\n<p class=\"my-5 break-words group-[.isActiveSource]:text-xl\" style=\"text-align: justify;\">Os descontos indevidos come\u00e7aram a crescer em 2019, durante o governo de Jair Bolsonaro (PL). O n\u00famero de fraudes acelerou ainda mais ap\u00f3s 2023, n gest\u00e3o Lula. A PF (Pol\u00edcia Federal) deflagrou opera\u00e7\u00e3o que acabou com o esquema no ano passado.<\/p>\n<p class=\"my-5 break-words group-[.isActiveSource]:text-xl\" style=\"text-align: justify;\">Lula disse ainda que despesas com previd\u00eancia n\u00e3o s\u00e3o \u201cgastos\u201d, mas \u201cobriga\u00e7\u00e3o de um Estado civilizado\u201d. \u201cDepois vem dizer que \u2018o d\u00e9ficit \u00e9 por conta da previd\u00eancia&#8217;. N\u00e3o, o d\u00e9ficit \u00e9 porque temos que pagar R$ 1,3 trilh\u00e3o de juro todo ano\u201d, disse.<\/p>\n<p class=\"my-5 break-words group-[.isActiveSource]:text-xl\" style=\"text-align: justify;\">Na proje\u00e7\u00e3o do governo, a previd\u00eancia custar\u00e1 R$ 1,16 trilh\u00e3o em 2027. Especialistas em contas p\u00fablicas apontam preocupa\u00e7\u00f5es com o ritmo de crescimento dessas despesas e destacam especialmente a indexa\u00e7\u00e3o de benef\u00edcios ao sal\u00e1rio m\u00ednimo. Lula tamb\u00e9m mirou essas cr\u00edticas.<\/p>\n<p class=\"my-5 break-words group-[.isActiveSource]:text-xl\" style=\"text-align: justify;\">\u201cSe a gente tiver problema de incompatibilidade entre receita e despesa, a gente vai discutir e acertar. Mas n\u00e3o d\u00e1 para jogar a responsabilidade na previd\u00eancia. Dizem que n\u00e3o pode dar aumento real ao sal\u00e1rio m\u00ednimo. O que \u00e9 voc\u00ea dar, com o PIB crescendo 2,8%, 3% de aumento para o menor sal\u00e1rio do pa\u00eds?\u201d, questionou.<\/p>\n<p class=\"my-5 break-words group-[.isActiveSource]:text-xl\" style=\"text-align: justify;\">Governo \u201czera\u201d a fila do INSS<\/p>\n<p class=\"my-5 break-words group-[.isActiveSource]:text-xl\" style=\"text-align: justify;\">A cerim\u00f4nia foi marcada para o an\u00fancio do governo Lula de que zerou a fila do INSS. Na pr\u00e1tica, a gest\u00e3o federal divulgou que, em agosto, o n\u00famero de novos pedidos foi superior \u00e0 fila de pedidos iniciais. Isso significa acabar com a fila os pedidos \u00e0 autarquia se renovam dia ap\u00f3s dia.<\/p>\n<p class=\"my-5 break-words group-[.isActiveSource]:text-xl\" style=\"text-align: justify;\">Como mostrou a CNN Brasil, o an\u00fancio aconteceu em meio a uma tentativa de estabelecer uma \u201cagenda positiva\u201d e assegurar vantagem entre o eleitor idoso.<\/p>\n<p class=\"my-5 break-words group-[.isActiveSource]:text-xl\" style=\"text-align: justify;\">O senador e candidato \u00e0 Presid\u00eancia Fl\u00e1vio Bolsonaro (PL-RJ) vem tentando explorar o esc\u00e2ndalo de desvios associativos do INSS para desgastar Lula entre o eleitorado idoso. Uma das apostas para a estrat\u00e9gia \u00e9 Alfredo Gaspar (PL-AL), que foi relator na CPMI (Comiss\u00e3o Parlamentar Mista de Inqu\u00e9rito) do caso e \u00e9 o vice na chapa.<\/p>\n<p class=\"my-5 break-words group-[.isActiveSource]:text-xl\" style=\"text-align: justify;\">Lula rebate as cr\u00edticas afirmando que os descontos indevidos come\u00e7aram a aumentar em 2019 e foram revelados e encerrados durante seu mandato. Tamb\u00e9m vem destacando que ressarciu mais de 5 milh\u00f5es de aposentados em mais de R$ 3 bilh\u00f5es.<\/p>\n<div class=\"gsp_post_data\" \r\n\t            data-post_type=\"post\" \r\n\t            data-cat=\"sem-categoria\" \r\n\t            data-modified=\"120\"\r\n\t            data-created=\"1788462878\"\r\n\t            data-title=\"Lula defende despesa com previd\u00eancia e diz que acabou com fraude no INSS\" \r\n\t            data-home=\"https:\/\/zulenealves.com.br\"><\/div>","protected":false},"excerpt":{"rendered":"<p>O presidente Luiz In\u00e1cio Lula da Silva (PT) defendeu, em cerim\u00f4nia no Pal\u00e1cio do Planalto nesta quinta-feira (3), as despesas previdenci\u00e1rias do governo e afirmou que seu governo acabou com as fraudes de descontos indevidos do INSS (Instituto Nacional do Seguro Social). \u201cTenho muito orgulho que foi no meu governo que a gente descobriu a &#8230; <\/p>\n<p class=\"read-more-container\"><a title=\"Lula defende despesa com previd\u00eancia e diz que acabou com fraude no INSS\" class=\"read-more button\" href=\"https:\/\/zulenealves.com.br\/index.php\/2026\/09\/03\/lula-defende-despesa-com-previdencia-e-diz-que-acabou-com-fraude-no-inss\/#more-51616\" aria-label=\"More on Lula defende despesa com previd\u00eancia e diz que acabou com fraude no INSS\">Leia mais<\/a><\/p>\n","protected":false},"author":2,"featured_media":0,"comment_status":"closed","ping_status":"closed","sticky":false,"template":"","format":"standard","meta":{"footnotes":""},"categories":[1],"tags":[],"class_list":["post-51616","post","type-post","status-publish","format-standard","hentry","category-sem-categoria"],"yoast_head":"<!-- This site is optimized with the Yoast SEO plugin v28.4 - https:\/\/yoast.com\/product\/yoast-seo-wordpress\/ -->\n<title>Lula defende despesa com previd\u00eancia e diz que acabou com fraude no INSS - Blog Zulene Alves<\/title>\n<meta name=\"robots\" content=\"index, follow, max-snippet:-1, max-image-preview:large, max-video-preview:-1\" \/>\n<link rel=\"canonical\" href=\"https:\/\/zulenealves.com.br\/index.php\/2026\/09\/03\/lula-defende-despesa-com-previdencia-e-diz-que-acabou-com-fraude-no-inss\/\" \/>\n<meta property=\"og:locale\" content=\"pt_BR\" \/>\n<meta property=\"og:type\" content=\"article\" \/>\n<meta property=\"og:title\" content=\"Lula defende despesa com previd\u00eancia e diz que acabou com fraude no INSS - Blog Zulene Alves\" \/>\n<meta property=\"og:description\" content=\"O presidente Luiz In\u00e1cio Lula da Silva (PT) defendeu, em cerim\u00f4nia no Pal\u00e1cio do Planalto nesta quinta-feira (3), as despesas previdenci\u00e1rias do governo e afirmou que seu governo acabou com as fraudes de descontos indevidos do INSS (Instituto Nacional do Seguro Social). \u201cTenho muito orgulho que foi no meu governo que a gente descobriu a ... Leia mais\" \/>\n<meta property=\"og:url\" content=\"https:\/\/zulenealves.com.br\/index.php\/2026\/09\/03\/lula-defende-despesa-com-previdencia-e-diz-que-acabou-com-fraude-no-inss\/\" \/>\n<meta property=\"og:site_name\" content=\"Blog Zulene Alves\" \/>\n<meta property=\"article:published_time\" content=\"2026-09-03T22:14:38+00:00\" \/>\n<meta property=\"og:image\" content=\"https:\/\/admin.cnnbrasil.com.br\/wp-content\/uploads\/sites\/12\/2026\/08\/Captura-de-tela-2026-08-22-153323.png?w=419&amp;h=283&amp;crop=0&amp;quality=90\" \/>\n<meta name=\"author\" content=\"Zulene Alves\" \/>\n<meta name=\"twitter:card\" content=\"summary_large_image\" \/>\n<meta name=\"twitter:label1\" content=\"Escrito por\" \/>\n\t<meta name=\"twitter:data1\" content=\"Zulene Alves\" \/>\n\t<meta name=\"twitter:label2\" content=\"Est. tempo de leitura\" \/>\n\t<meta name=\"twitter:data2\" content=\"3 minutos\" \/>\n<script type=\"application\/ld+json\" class=\"yoast-schema-graph\">{\"@context\":\"https:\\\/\\\/schema.org\",\"@graph\":[{\"@type\":\"Article\",\"@id\":\"https:\\\/\\\/zulenealves.com.br\\\/index.php\\\/2026\\\/09\\\/03\\\/lula-defende-despesa-com-previdencia-e-diz-que-acabou-com-fraude-no-inss\\\/#article\",\"isPartOf\":{\"@id\":\"https:\\\/\\\/zulenealves.com.br\\\/index.php\\\/2026\\\/09\\\/03\\\/lula-defende-despesa-com-previdencia-e-diz-que-acabou-com-fraude-no-inss\\\/\"},\"author\":{\"name\":\"Zulene Alves\",\"@id\":\"https:\\\/\\\/zulenealves.com.br\\\/#\\\/schema\\\/person\\\/211b267042952b9d9062603ea5230577\"},\"headline\":\"Lula defende despesa com previd\u00eancia e diz que acabou com fraude no INSS\",\"datePublished\":\"2026-09-03T22:14:38+00:00\",\"mainEntityOfPage\":{\"@id\":\"https:\\\/\\\/zulenealves.com.br\\\/index.php\\\/2026\\\/09\\\/03\\\/lula-defende-despesa-com-previdencia-e-diz-que-acabou-com-fraude-no-inss\\\/\"},\"wordCount\":483,\"image\":{\"@id\":\"https:\\\/\\\/zulenealves.com.br\\\/index.php\\\/2026\\\/09\\\/03\\\/lula-defende-despesa-com-previdencia-e-diz-que-acabou-com-fraude-no-inss\\\/#primaryimage\"},\"thumbnailUrl\":\"https:\\\/\\\/admin.cnnbrasil.com.br\\\/wp-content\\\/uploads\\\/sites\\\/12\\\/2026\\\/08\\\/Captura-de-tela-2026-08-22-153323.png?w=419&amp;h=283&amp;crop=0&amp;quality=90\",\"inLanguage\":\"pt-BR\"},{\"@type\":\"WebPage\",\"@id\":\"https:\\\/\\\/zulenealves.com.br\\\/index.php\\\/2026\\\/09\\\/03\\\/lula-defende-despesa-com-previdencia-e-diz-que-acabou-com-fraude-no-inss\\\/\",\"url\":\"https:\\\/\\\/zulenealves.com.br\\\/index.php\\\/2026\\\/09\\\/03\\\/lula-defende-despesa-com-previdencia-e-diz-que-acabou-com-fraude-no-inss\\\/\",\"name\":\"Lula defende despesa com previd\u00eancia e diz que acabou com fraude no INSS - Blog Zulene Alves\",\"isPartOf\":{\"@id\":\"https:\\\/\\\/zulenealves.com.br\\\/#website\"},\"primaryImageOfPage\":{\"@id\":\"https:\\\/\\\/zulenealves.com.br\\\/index.php\\\/2026\\\/09\\\/03\\\/lula-defende-despesa-com-previdencia-e-diz-que-acabou-com-fraude-no-inss\\\/#primaryimage\"},\"image\":{\"@id\":\"https:\\\/\\\/zulenealves.com.br\\\/index.php\\\/2026\\\/09\\\/03\\\/lula-defende-despesa-com-previdencia-e-diz-que-acabou-com-fraude-no-inss\\\/#primaryimage\"},\"thumbnailUrl\":\"https:\\\/\\\/admin.cnnbrasil.com.br\\\/wp-content\\\/uploads\\\/sites\\\/12\\\/2026\\\/08\\\/Captura-de-tela-2026-08-22-153323.png?w=419&amp;h=283&amp;crop=0&amp;quality=90\",\"datePublished\":\"2026-09-03T22:14:38+00:00\",\"author\":{\"@id\":\"https:\\\/\\\/zulenealves.com.br\\\/#\\\/schema\\\/person\\\/211b267042952b9d9062603ea5230577\"},\"breadcrumb\":{\"@id\":\"https:\\\/\\\/zulenealves.com.br\\\/index.php\\\/2026\\\/09\\\/03\\\/lula-defende-despesa-com-previdencia-e-diz-que-acabou-com-fraude-no-inss\\\/#breadcrumb\"},\"inLanguage\":\"pt-BR\",\"potentialAction\":[{\"@type\":\"ReadAction\",\"target\":[\"https:\\\/\\\/zulenealves.com.br\\\/index.php\\\/2026\\\/09\\\/03\\\/lula-defende-despesa-com-previdencia-e-diz-que-acabou-com-fraude-no-inss\\\/\"]}]},{\"@type\":\"ImageObject\",\"inLanguage\":\"pt-BR\",\"@id\":\"https:\\\/\\\/zulenealves.com.br\\\/index.php\\\/2026\\\/09\\\/03\\\/lula-defende-despesa-com-previdencia-e-diz-que-acabou-com-fraude-no-inss\\\/#primaryimage\",\"url\":\"https:\\\/\\\/admin.cnnbrasil.com.br\\\/wp-content\\\/uploads\\\/sites\\\/12\\\/2026\\\/08\\\/Captura-de-tela-2026-08-22-153323.png?w=419&amp;h=283&amp;crop=0&amp;quality=90\",\"contentUrl\":\"https:\\\/\\\/admin.cnnbrasil.com.br\\\/wp-content\\\/uploads\\\/sites\\\/12\\\/2026\\\/08\\\/Captura-de-tela-2026-08-22-153323.png?w=419&amp;h=283&amp;crop=0&amp;quality=90\"},{\"@type\":\"BreadcrumbList\",\"@id\":\"https:\\\/\\\/zulenealves.com.br\\\/index.php\\\/2026\\\/09\\\/03\\\/lula-defende-despesa-com-previdencia-e-diz-que-acabou-com-fraude-no-inss\\\/#breadcrumb\",\"itemListElement\":[{\"@type\":\"ListItem\",\"position\":1,\"name\":\"In\u00edcio\",\"item\":\"https:\\\/\\\/zulenealves.com.br\\\/\"},{\"@type\":\"ListItem\",\"position\":2,\"name\":\"Lula defende despesa com previd\u00eancia e diz que acabou com fraude no INSS\"}]},{\"@type\":\"WebSite\",\"@id\":\"https:\\\/\\\/zulenealves.com.br\\\/#website\",\"url\":\"https:\\\/\\\/zulenealves.com.br\\\/\",\"name\":\"Blog Zulene Alves\",\"description\":\"\",\"potentialAction\":[{\"@type\":\"SearchAction\",\"target\":{\"@type\":\"EntryPoint\",\"urlTemplate\":\"https:\\\/\\\/zulenealves.com.br\\\/?s={search_term_string}\"},\"query-input\":{\"@type\":\"PropertyValueSpecification\",\"valueRequired\":true,\"valueName\":\"search_term_string\"}}],\"inLanguage\":\"pt-BR\"},{\"@type\":\"Person\",\"@id\":\"https:\\\/\\\/zulenealves.com.br\\\/#\\\/schema\\\/person\\\/211b267042952b9d9062603ea5230577\",\"name\":\"Zulene Alves\",\"image\":{\"@type\":\"ImageObject\",\"inLanguage\":\"pt-BR\",\"@id\":\"https:\\\/\\\/secure.gravatar.com\\\/avatar\\\/6256ae245147d58c317918f3a20dbf75c244838a7b265be12b0edacdedc94737?s=96&d=mm&r=g\",\"url\":\"https:\\\/\\\/secure.gravatar.com\\\/avatar\\\/6256ae245147d58c317918f3a20dbf75c244838a7b265be12b0edacdedc94737?s=96&d=mm&r=g\",\"contentUrl\":\"https:\\\/\\\/secure.gravatar.com\\\/avatar\\\/6256ae245147d58c317918f3a20dbf75c244838a7b265be12b0edacdedc94737?s=96&d=mm&r=g\",\"caption\":\"Zulene Alves\"},\"sameAs\":[\"https:\\\/\\\/zulenealves.com.br\\\/\"],\"url\":\"https:\\\/\\\/zulenealves.com.br\\\/index.php\\\/author\\\/zulene\\\/\"}]}<\/script>\n<!-- \/ Yoast SEO plugin. -->","yoast_head_json":{"title":"Lula defende despesa com previd\u00eancia e diz que acabou com fraude no INSS - Blog Zulene Alves","robots":{"index":"index","follow":"follow","max-snippet":"max-snippet:-1","max-image-preview":"max-image-preview:large","max-video-preview":"max-video-preview:-1"},"canonical":"https:\/\/zulenealves.com.br\/index.php\/2026\/09\/03\/lula-defende-despesa-com-previdencia-e-diz-que-acabou-com-fraude-no-inss\/","og_locale":"pt_BR","og_type":"article","og_title":"Lula defende despesa com previd\u00eancia e diz que acabou com fraude no INSS - Blog Zulene Alves","og_description":"O presidente Luiz In\u00e1cio Lula da Silva (PT) defendeu, em cerim\u00f4nia no Pal\u00e1cio do Planalto nesta quinta-feira (3), as despesas previdenci\u00e1rias do governo e afirmou que seu governo acabou com as fraudes de descontos indevidos do INSS (Instituto Nacional do Seguro Social). \u201cTenho muito orgulho que foi no meu governo que a gente descobriu a ... Leia mais","og_url":"https:\/\/zulenealves.com.br\/index.php\/2026\/09\/03\/lula-defende-despesa-com-previdencia-e-diz-que-acabou-com-fraude-no-inss\/","og_site_name":"Blog Zulene Alves","article_published_time":"2026-09-03T22:14:38+00:00","og_image":[{"url":"https:\/\/admin.cnnbrasil.com.br\/wp-content\/uploads\/sites\/12\/2026\/08\/Captura-de-tela-2026-08-22-153323.png?w=419&amp;h=283&amp;crop=0&amp;quality=90","type":"","width":"","height":""}],"author":"Zulene Alves","twitter_card":"summary_large_image","twitter_misc":{"Escrito por":"Zulene Alves","Est. tempo de leitura":"3 minutos"},"schema":{"@context":"https:\/\/schema.org","@graph":[{"@type":"Article","@id":"https:\/\/zulenealves.com.br\/index.php\/2026\/09\/03\/lula-defende-despesa-com-previdencia-e-diz-que-acabou-com-fraude-no-inss\/#article","isPartOf":{"@id":"https:\/\/zulenealves.com.br\/index.php\/2026\/09\/03\/lula-defende-despesa-com-previdencia-e-diz-que-acabou-com-fraude-no-inss\/"},"author":{"name":"Zulene Alves","@id":"https:\/\/zulenealves.com.br\/#\/schema\/person\/211b267042952b9d9062603ea5230577"},"headline":"Lula defende despesa com previd\u00eancia e diz que acabou com fraude no INSS","datePublished":"2026-09-03T22:14:38+00:00","mainEntityOfPage":{"@id":"https:\/\/zulenealves.com.br\/index.php\/2026\/09\/03\/lula-defende-despesa-com-previdencia-e-diz-que-acabou-com-fraude-no-inss\/"},"wordCount":483,"image":{"@id":"https:\/\/zulenealves.com.br\/index.php\/2026\/09\/03\/lula-defende-despesa-com-previdencia-e-diz-que-acabou-com-fraude-no-inss\/#primaryimage"},"thumbnailUrl":"https:\/\/admin.cnnbrasil.com.br\/wp-content\/uploads\/sites\/12\/2026\/08\/Captura-de-tela-2026-08-22-153323.png?w=419&amp;h=283&amp;crop=0&amp;quality=90","inLanguage":"pt-BR"},{"@type":"WebPage","@id":"https:\/\/zulenealves.com.br\/index.php\/2026\/09\/03\/lula-defende-despesa-com-previdencia-e-diz-que-acabou-com-fraude-no-inss\/","url":"https:\/\/zulenealves.com.br\/index.php\/2026\/09\/03\/lula-defende-despesa-com-previdencia-e-diz-que-acabou-com-fraude-no-inss\/","name":"Lula defende despesa com previd\u00eancia e diz que acabou com fraude no INSS - Blog Zulene Alves","isPartOf":{"@id":"https:\/\/zulenealves.com.br\/#website"},"primaryImageOfPage":{"@id":"https:\/\/zulenealves.com.br\/index.php\/2026\/09\/03\/lula-defende-despesa-com-previdencia-e-diz-que-acabou-com-fraude-no-inss\/#primaryimage"},"image":{"@id":"https:\/\/zulenealves.com.br\/index.php\/2026\/09\/03\/lula-defende-despesa-com-previdencia-e-diz-que-acabou-com-fraude-no-inss\/#primaryimage"},"thumbnailUrl":"https:\/\/admin.cnnbrasil.com.br\/wp-content\/uploads\/sites\/12\/2026\/08\/Captura-de-tela-2026-08-22-153323.png?w=419&amp;h=283&amp;crop=0&amp;quality=90","datePublished":"2026-09-03T22:14:38+00:00","author":{"@id":"https:\/\/zulenealves.com.br\/#\/schema\/person\/211b267042952b9d9062603ea5230577"},"breadcrumb":{"@id":"https:\/\/zulenealves.com.br\/index.php\/2026\/09\/03\/lula-defende-despesa-com-previdencia-e-diz-que-acabou-com-fraude-no-inss\/#breadcrumb"},"inLanguage":"pt-BR","potentialAction":[{"@type":"ReadAction","target":["https:\/\/zulenealves.com.br\/index.php\/2026\/09\/03\/lula-defende-despesa-com-previdencia-e-diz-que-acabou-com-fraude-no-inss\/"]}]},{"@type":"ImageObject","inLanguage":"pt-BR","@id":"https:\/\/zulenealves.com.br\/index.php\/2026\/09\/03\/lula-defende-despesa-com-previdencia-e-diz-que-acabou-com-fraude-no-inss\/#primaryimage","url":"https:\/\/admin.cnnbrasil.com.br\/wp-content\/uploads\/sites\/12\/2026\/08\/Captura-de-tela-2026-08-22-153323.png?w=419&amp;h=283&amp;crop=0&amp;quality=90","contentUrl":"https:\/\/admin.cnnbrasil.com.br\/wp-content\/uploads\/sites\/12\/2026\/08\/Captura-de-tela-2026-08-22-153323.png?w=419&amp;h=283&amp;crop=0&amp;quality=90"},{"@type":"BreadcrumbList","@id":"https:\/\/zulenealves.com.br\/index.php\/2026\/09\/03\/lula-defende-despesa-com-previdencia-e-diz-que-acabou-com-fraude-no-inss\/#breadcrumb","itemListElement":[{"@type":"ListItem","position":1,"name":"In\u00edcio","item":"https:\/\/zulenealves.com.br\/"},{"@type":"ListItem","position":2,"name":"Lula defende despesa com previd\u00eancia e diz que acabou com fraude no INSS"}]},{"@type":"WebSite","@id":"https:\/\/zulenealves.com.br\/#website","url":"https:\/\/zulenealves.com.br\/","name":"Blog Zulene Alves","description":"","potentialAction":[{"@type":"SearchAction","target":{"@type":"EntryPoint","urlTemplate":"https:\/\/zulenealves.com.br\/?s={search_term_string}"},"query-input":{"@type":"PropertyValueSpecification","valueRequired":true,"valueName":"search_term_string"}}],"inLanguage":"pt-BR"},{"@type":"Person","@id":"https:\/\/zulenealves.com.br\/#\/schema\/person\/211b267042952b9d9062603ea5230577","name":"Zulene Alves","image":{"@type":"ImageObject","inLanguage":"pt-BR","@id":"https:\/\/secure.gravatar.com\/avatar\/6256ae245147d58c317918f3a20dbf75c244838a7b265be12b0edacdedc94737?s=96&d=mm&r=g","url":"https:\/\/secure.gravatar.com\/avatar\/6256ae245147d58c317918f3a20dbf75c244838a7b265be12b0edacdedc94737?s=96&d=mm&r=g","contentUrl":"https:\/\/secure.gravatar.com\/avatar\/6256ae245147d58c317918f3a20dbf75c244838a7b265be12b0edacdedc94737?s=96&d=mm&r=g","caption":"Zulene Alves"},"sameAs":["https:\/\/zulenealves.com.br\/"],"url":"https:\/\/zulenealves.com.br\/index.php\/author\/zulene\/"}]}},"_links":{"self":[{"href":"https:\/\/zulenealves.com.br\/index.php\/wp-json\/wp\/v2\/posts\/51616","targetHints":{"allow":["GET"]}}],"collection":[{"href":"https:\/\/zulenealves.com.br\/index.php\/wp-json\/wp\/v2\/posts"}],"about":[{"href":"https:\/\/zulenealves.com.br\/index.php\/wp-json\/wp\/v2\/types\/post"}],"author":[{"embeddable":true,"href":"https:\/\/zulenealves.com.br\/index.php\/wp-json\/wp\/v2\/users\/2"}],"replies":[{"embeddable":true,"href":"https:\/\/zulenealves.com.br\/index.php\/wp-json\/wp\/v2\/comments?post=51616"}],"version-history":[{"count":1,"href":"https:\/\/zulenealves.com.br\/index.php\/wp-json\/wp\/v2\/posts\/51616\/revisions"}],"predecessor-version":[{"id":51617,"href":"https:\/\/zulenealves.com.br\/index.php\/wp-json\/wp\/v2\/posts\/51616\/revisions\/51617"}],"wp:attachment":[{"href":"https:\/\/zulenealves.com.br\/index.php\/wp-json\/wp\/v2\/media?parent=51616"}],"wp:term":[{"taxonomy":"category","embeddable":true,"href":"https:\/\/zulenealves.com.br\/index.php\/wp-json\/wp\/v2\/categories?post=51616"},{"taxonomy":"post_tag","embeddable":true,"href":"https:\/\/zulenealves.com.br\/index.php\/wp-json\/wp\/v2\/tags?post=51616"}],"curies":[{"name":"wp","href":"https:\/\/api.w.org\/{rel}","templated":true}]}}