{"id":51618,"date":"2026-09-04T05:52:35","date_gmt":"2026-09-04T08:52:35","guid":{"rendered":"https:\/\/zulenealves.com.br\/?p=51618"},"modified":"2026-09-04T05:52:31","modified_gmt":"2026-09-04T08:52:31","slug":"prefeitura-de-afogados-recebe-reforco-de-duas-novas-ambulancias","status":"publish","type":"post","link":"https:\/\/zulenealves.com.br\/index.php\/2026\/09\/04\/prefeitura-de-afogados-recebe-reforco-de-duas-novas-ambulancias\/","title":{"rendered":"Prefeitura de Afogados recebe refor\u00e7o de duas novas ambul\u00e2ncias"},"content":{"rendered":"<p style=\"text-align: justify;\">O secret\u00e1rio de sa\u00fade de Afogados, Artur Amorim, esteve na tarde desta quinta (03), no Recife, para receber, duas novas ambul\u00e2ncias para refor\u00e7ar o atendimento \u00e0 popula\u00e7\u00e3o no munic\u00edpio.<\/p>\n<p style=\"text-align: justify;\">As ambul\u00e2ncias foram cedidas para uso da gest\u00e3o municipal, pelo Estado, por um per\u00edodo de dois anos. A entrega foi realizada pela secretaria estadual de sa\u00fade. \u201cEstive aqui em Recife, representando o Prefeito Sandrinho, no recebimento das ambul\u00e2ncias. Elas estar\u00e3o cedidas para uso do munic\u00edpio no per\u00edodo de dois anos a contar da data de hoje,\u201d informou o secret\u00e1rio de sa\u00fade de Afogados, Artur Amorim.<\/p>\n<div class=\"gsp_post_data\" \r\n\t            data-post_type=\"post\" \r\n\t            data-cat=\"destaque\" \r\n\t            data-modified=\"120\"\r\n\t            data-created=\"1788501155\"\r\n\t            data-title=\"Prefeitura de Afogados recebe refor\u00e7o de duas novas ambul\u00e2ncias\" \r\n\t            data-home=\"https:\/\/zulenealves.com.br\"><\/div>","protected":false},"excerpt":{"rendered":"<p>O secret\u00e1rio de sa\u00fade de Afogados, Artur Amorim, esteve na tarde desta quinta (03), no Recife, para receber, duas novas ambul\u00e2ncias para refor\u00e7ar o atendimento \u00e0 popula\u00e7\u00e3o no munic\u00edpio. As ambul\u00e2ncias foram cedidas para uso da gest\u00e3o municipal, pelo Estado, por um per\u00edodo de dois anos. A entrega foi realizada pela secretaria estadual de sa\u00fade. &#8230; <\/p>\n<p class=\"read-more-container\"><a title=\"Prefeitura de Afogados recebe refor\u00e7o de duas novas ambul\u00e2ncias\" class=\"read-more button\" href=\"https:\/\/zulenealves.com.br\/index.php\/2026\/09\/04\/prefeitura-de-afogados-recebe-reforco-de-duas-novas-ambulancias\/#more-51618\" aria-label=\"More on Prefeitura de Afogados recebe refor\u00e7o de duas novas ambul\u00e2ncias\">Leia mais<\/a><\/p>\n","protected":false},"author":1,"featured_media":51619,"comment_status":"closed","ping_status":"closed","sticky":false,"template":"","format":"standard","meta":{"footnotes":""},"categories":[23],"tags":[],"class_list":["post-51618","post","type-post","status-publish","format-standard","has-post-thumbnail","hentry","category-destaque","resize-featured-image"],"yoast_head":"<!-- This site is optimized with the Yoast SEO plugin v28.4 - https:\/\/yoast.com\/product\/yoast-seo-wordpress\/ -->\n<title>Prefeitura de Afogados recebe refor\u00e7o de duas novas ambul\u00e2ncias - Blog Zulene Alves<\/title>\n<meta name=\"robots\" content=\"index, follow, max-snippet:-1, max-image-preview:large, max-video-preview:-1\" \/>\n<link rel=\"canonical\" href=\"https:\/\/zulenealves.com.br\/index.php\/2026\/09\/04\/prefeitura-de-afogados-recebe-reforco-de-duas-novas-ambulancias\/\" \/>\n<meta property=\"og:locale\" content=\"pt_BR\" \/>\n<meta property=\"og:type\" content=\"article\" \/>\n<meta property=\"og:title\" content=\"Prefeitura de Afogados recebe refor\u00e7o de duas novas ambul\u00e2ncias - Blog Zulene Alves\" \/>\n<meta property=\"og:description\" content=\"O secret\u00e1rio de sa\u00fade de Afogados, Artur Amorim, esteve na tarde desta quinta (03), no Recife, para receber, duas novas ambul\u00e2ncias para refor\u00e7ar o atendimento \u00e0 popula\u00e7\u00e3o no munic\u00edpio. As ambul\u00e2ncias foram cedidas para uso da gest\u00e3o municipal, pelo Estado, por um per\u00edodo de dois anos. A entrega foi realizada pela secretaria estadual de sa\u00fade. ... Leia mais\" \/>\n<meta property=\"og:url\" content=\"https:\/\/zulenealves.com.br\/index.php\/2026\/09\/04\/prefeitura-de-afogados-recebe-reforco-de-duas-novas-ambulancias\/\" \/>\n<meta property=\"og:site_name\" content=\"Blog Zulene Alves\" \/>\n<meta property=\"article:published_time\" content=\"2026-09-04T08:52:35+00:00\" \/>\n<meta property=\"og:image\" content=\"https:\/\/zulenealves.com.br\/wp-content\/uploads\/2026\/09\/51262152-e6fa-492a-9c01-00b49bf06b21.jpeg\" \/>\n\t<meta property=\"og:image:width\" content=\"1200\" \/>\n\t<meta property=\"og:image:height\" content=\"1149\" \/>\n\t<meta property=\"og:image:type\" content=\"image\/jpeg\" \/>\n<meta name=\"author\" content=\"zulenealves\" \/>\n<meta name=\"twitter:card\" content=\"summary_large_image\" \/>\n<meta name=\"twitter:label1\" content=\"Escrito por\" \/>\n\t<meta name=\"twitter:data1\" content=\"zulenealves\" \/>\n\t<meta name=\"twitter:label2\" content=\"Est. tempo de leitura\" \/>\n\t<meta name=\"twitter:data2\" content=\"1 minuto\" \/>\n<script type=\"application\/ld+json\" class=\"yoast-schema-graph\">{\"@context\":\"https:\\\/\\\/schema.org\",\"@graph\":[{\"@type\":\"Article\",\"@id\":\"https:\\\/\\\/zulenealves.com.br\\\/index.php\\\/2026\\\/09\\\/04\\\/prefeitura-de-afogados-recebe-reforco-de-duas-novas-ambulancias\\\/#article\",\"isPartOf\":{\"@id\":\"https:\\\/\\\/zulenealves.com.br\\\/index.php\\\/2026\\\/09\\\/04\\\/prefeitura-de-afogados-recebe-reforco-de-duas-novas-ambulancias\\\/\"},\"author\":{\"name\":\"zulenealves\",\"@id\":\"https:\\\/\\\/zulenealves.com.br\\\/#\\\/schema\\\/person\\\/4076c08f761164e658f6461c6b0316ef\"},\"headline\":\"Prefeitura de Afogados recebe refor\u00e7o de duas novas ambul\u00e2ncias\",\"datePublished\":\"2026-09-04T08:52:35+00:00\",\"mainEntityOfPage\":{\"@id\":\"https:\\\/\\\/zulenealves.com.br\\\/index.php\\\/2026\\\/09\\\/04\\\/prefeitura-de-afogados-recebe-reforco-de-duas-novas-ambulancias\\\/\"},\"wordCount\":119,\"image\":{\"@id\":\"https:\\\/\\\/zulenealves.com.br\\\/index.php\\\/2026\\\/09\\\/04\\\/prefeitura-de-afogados-recebe-reforco-de-duas-novas-ambulancias\\\/#primaryimage\"},\"thumbnailUrl\":\"https:\\\/\\\/zulenealves.com.br\\\/wp-content\\\/uploads\\\/2026\\\/09\\\/51262152-e6fa-492a-9c01-00b49bf06b21.jpeg\",\"articleSection\":[\"Destaque\"],\"inLanguage\":\"pt-BR\"},{\"@type\":\"WebPage\",\"@id\":\"https:\\\/\\\/zulenealves.com.br\\\/index.php\\\/2026\\\/09\\\/04\\\/prefeitura-de-afogados-recebe-reforco-de-duas-novas-ambulancias\\\/\",\"url\":\"https:\\\/\\\/zulenealves.com.br\\\/index.php\\\/2026\\\/09\\\/04\\\/prefeitura-de-afogados-recebe-reforco-de-duas-novas-ambulancias\\\/\",\"name\":\"Prefeitura de Afogados recebe refor\u00e7o de duas novas ambul\u00e2ncias - Blog Zulene Alves\",\"isPartOf\":{\"@id\":\"https:\\\/\\\/zulenealves.com.br\\\/#website\"},\"primaryImageOfPage\":{\"@id\":\"https:\\\/\\\/zulenealves.com.br\\\/index.php\\\/2026\\\/09\\\/04\\\/prefeitura-de-afogados-recebe-reforco-de-duas-novas-ambulancias\\\/#primaryimage\"},\"image\":{\"@id\":\"https:\\\/\\\/zulenealves.com.br\\\/index.php\\\/2026\\\/09\\\/04\\\/prefeitura-de-afogados-recebe-reforco-de-duas-novas-ambulancias\\\/#primaryimage\"},\"thumbnailUrl\":\"https:\\\/\\\/zulenealves.com.br\\\/wp-content\\\/uploads\\\/2026\\\/09\\\/51262152-e6fa-492a-9c01-00b49bf06b21.jpeg\",\"datePublished\":\"2026-09-04T08:52:35+00:00\",\"author\":{\"@id\":\"https:\\\/\\\/zulenealves.com.br\\\/#\\\/schema\\\/person\\\/4076c08f761164e658f6461c6b0316ef\"},\"breadcrumb\":{\"@id\":\"https:\\\/\\\/zulenealves.com.br\\\/index.php\\\/2026\\\/09\\\/04\\\/prefeitura-de-afogados-recebe-reforco-de-duas-novas-ambulancias\\\/#breadcrumb\"},\"inLanguage\":\"pt-BR\",\"potentialAction\":[{\"@type\":\"ReadAction\",\"target\":[\"https:\\\/\\\/zulenealves.com.br\\\/index.php\\\/2026\\\/09\\\/04\\\/prefeitura-de-afogados-recebe-reforco-de-duas-novas-ambulancias\\\/\"]}]},{\"@type\":\"ImageObject\",\"inLanguage\":\"pt-BR\",\"@id\":\"https:\\\/\\\/zulenealves.com.br\\\/index.php\\\/2026\\\/09\\\/04\\\/prefeitura-de-afogados-recebe-reforco-de-duas-novas-ambulancias\\\/#primaryimage\",\"url\":\"https:\\\/\\\/zulenealves.com.br\\\/wp-content\\\/uploads\\\/2026\\\/09\\\/51262152-e6fa-492a-9c01-00b49bf06b21.jpeg\",\"contentUrl\":\"https:\\\/\\\/zulenealves.com.br\\\/wp-content\\\/uploads\\\/2026\\\/09\\\/51262152-e6fa-492a-9c01-00b49bf06b21.jpeg\",\"width\":1200,\"height\":1149},{\"@type\":\"BreadcrumbList\",\"@id\":\"https:\\\/\\\/zulenealves.com.br\\\/index.php\\\/2026\\\/09\\\/04\\\/prefeitura-de-afogados-recebe-reforco-de-duas-novas-ambulancias\\\/#breadcrumb\",\"itemListElement\":[{\"@type\":\"ListItem\",\"position\":1,\"name\":\"In\u00edcio\",\"item\":\"https:\\\/\\\/zulenealves.com.br\\\/\"},{\"@type\":\"ListItem\",\"position\":2,\"name\":\"Prefeitura de Afogados recebe refor\u00e7o de duas novas ambul\u00e2ncias\"}]},{\"@type\":\"WebSite\",\"@id\":\"https:\\\/\\\/zulenealves.com.br\\\/#website\",\"url\":\"https:\\\/\\\/zulenealves.com.br\\\/\",\"name\":\"Blog Zulene Alves\",\"description\":\"\",\"potentialAction\":[{\"@type\":\"SearchAction\",\"target\":{\"@type\":\"EntryPoint\",\"urlTemplate\":\"https:\\\/\\\/zulenealves.com.br\\\/?s={search_term_string}\"},\"query-input\":{\"@type\":\"PropertyValueSpecification\",\"valueRequired\":true,\"valueName\":\"search_term_string\"}}],\"inLanguage\":\"pt-BR\"},{\"@type\":\"Person\",\"@id\":\"https:\\\/\\\/zulenealves.com.br\\\/#\\\/schema\\\/person\\\/4076c08f761164e658f6461c6b0316ef\",\"name\":\"zulenealves\",\"image\":{\"@type\":\"ImageObject\",\"inLanguage\":\"pt-BR\",\"@id\":\"https:\\\/\\\/secure.gravatar.com\\\/avatar\\\/0c6cfdd7fa501763e4ab9715fb2b12c342c6a1ace0a16a25d743cdfbb340b122?s=96&d=mm&r=g\",\"url\":\"https:\\\/\\\/secure.gravatar.com\\\/avatar\\\/0c6cfdd7fa501763e4ab9715fb2b12c342c6a1ace0a16a25d743cdfbb340b122?s=96&d=mm&r=g\",\"contentUrl\":\"https:\\\/\\\/secure.gravatar.com\\\/avatar\\\/0c6cfdd7fa501763e4ab9715fb2b12c342c6a1ace0a16a25d743cdfbb340b122?s=96&d=mm&r=g\",\"caption\":\"zulenealves\"},\"sameAs\":[\"https:\\\/\\\/zulenealves.com.br\"],\"url\":\"https:\\\/\\\/zulenealves.com.br\\\/index.php\\\/author\\\/zulenealves\\\/\"}]}<\/script>\n<!-- \/ Yoast SEO plugin. -->","yoast_head_json":{"title":"Prefeitura de Afogados recebe refor\u00e7o de duas novas ambul\u00e2ncias - Blog Zulene Alves","robots":{"index":"index","follow":"follow","max-snippet":"max-snippet:-1","max-image-preview":"max-image-preview:large","max-video-preview":"max-video-preview:-1"},"canonical":"https:\/\/zulenealves.com.br\/index.php\/2026\/09\/04\/prefeitura-de-afogados-recebe-reforco-de-duas-novas-ambulancias\/","og_locale":"pt_BR","og_type":"article","og_title":"Prefeitura de Afogados recebe refor\u00e7o de duas novas ambul\u00e2ncias - Blog Zulene Alves","og_description":"O secret\u00e1rio de sa\u00fade de Afogados, Artur Amorim, esteve na tarde desta quinta (03), no Recife, para receber, duas novas ambul\u00e2ncias para refor\u00e7ar o atendimento \u00e0 popula\u00e7\u00e3o no munic\u00edpio. As ambul\u00e2ncias foram cedidas para uso da gest\u00e3o municipal, pelo Estado, por um per\u00edodo de dois anos. A entrega foi realizada pela secretaria estadual de sa\u00fade. ... Leia mais","og_url":"https:\/\/zulenealves.com.br\/index.php\/2026\/09\/04\/prefeitura-de-afogados-recebe-reforco-de-duas-novas-ambulancias\/","og_site_name":"Blog Zulene Alves","article_published_time":"2026-09-04T08:52:35+00:00","og_image":[{"width":1200,"height":1149,"url":"https:\/\/zulenealves.com.br\/wp-content\/uploads\/2026\/09\/51262152-e6fa-492a-9c01-00b49bf06b21.jpeg","type":"image\/jpeg"}],"author":"zulenealves","twitter_card":"summary_large_image","twitter_misc":{"Escrito por":"zulenealves","Est. tempo de leitura":"1 minuto"},"schema":{"@context":"https:\/\/schema.org","@graph":[{"@type":"Article","@id":"https:\/\/zulenealves.com.br\/index.php\/2026\/09\/04\/prefeitura-de-afogados-recebe-reforco-de-duas-novas-ambulancias\/#article","isPartOf":{"@id":"https:\/\/zulenealves.com.br\/index.php\/2026\/09\/04\/prefeitura-de-afogados-recebe-reforco-de-duas-novas-ambulancias\/"},"author":{"name":"zulenealves","@id":"https:\/\/zulenealves.com.br\/#\/schema\/person\/4076c08f761164e658f6461c6b0316ef"},"headline":"Prefeitura de Afogados recebe refor\u00e7o de duas novas ambul\u00e2ncias","datePublished":"2026-09-04T08:52:35+00:00","mainEntityOfPage":{"@id":"https:\/\/zulenealves.com.br\/index.php\/2026\/09\/04\/prefeitura-de-afogados-recebe-reforco-de-duas-novas-ambulancias\/"},"wordCount":119,"image":{"@id":"https:\/\/zulenealves.com.br\/index.php\/2026\/09\/04\/prefeitura-de-afogados-recebe-reforco-de-duas-novas-ambulancias\/#primaryimage"},"thumbnailUrl":"https:\/\/zulenealves.com.br\/wp-content\/uploads\/2026\/09\/51262152-e6fa-492a-9c01-00b49bf06b21.jpeg","articleSection":["Destaque"],"inLanguage":"pt-BR"},{"@type":"WebPage","@id":"https:\/\/zulenealves.com.br\/index.php\/2026\/09\/04\/prefeitura-de-afogados-recebe-reforco-de-duas-novas-ambulancias\/","url":"https:\/\/zulenealves.com.br\/index.php\/2026\/09\/04\/prefeitura-de-afogados-recebe-reforco-de-duas-novas-ambulancias\/","name":"Prefeitura de Afogados recebe refor\u00e7o de duas novas ambul\u00e2ncias - Blog Zulene Alves","isPartOf":{"@id":"https:\/\/zulenealves.com.br\/#website"},"primaryImageOfPage":{"@id":"https:\/\/zulenealves.com.br\/index.php\/2026\/09\/04\/prefeitura-de-afogados-recebe-reforco-de-duas-novas-ambulancias\/#primaryimage"},"image":{"@id":"https:\/\/zulenealves.com.br\/index.php\/2026\/09\/04\/prefeitura-de-afogados-recebe-reforco-de-duas-novas-ambulancias\/#primaryimage"},"thumbnailUrl":"https:\/\/zulenealves.com.br\/wp-content\/uploads\/2026\/09\/51262152-e6fa-492a-9c01-00b49bf06b21.jpeg","datePublished":"2026-09-04T08:52:35+00:00","author":{"@id":"https:\/\/zulenealves.com.br\/#\/schema\/person\/4076c08f761164e658f6461c6b0316ef"},"breadcrumb":{"@id":"https:\/\/zulenealves.com.br\/index.php\/2026\/09\/04\/prefeitura-de-afogados-recebe-reforco-de-duas-novas-ambulancias\/#breadcrumb"},"inLanguage":"pt-BR","potentialAction":[{"@type":"ReadAction","target":["https:\/\/zulenealves.com.br\/index.php\/2026\/09\/04\/prefeitura-de-afogados-recebe-reforco-de-duas-novas-ambulancias\/"]}]},{"@type":"ImageObject","inLanguage":"pt-BR","@id":"https:\/\/zulenealves.com.br\/index.php\/2026\/09\/04\/prefeitura-de-afogados-recebe-reforco-de-duas-novas-ambulancias\/#primaryimage","url":"https:\/\/zulenealves.com.br\/wp-content\/uploads\/2026\/09\/51262152-e6fa-492a-9c01-00b49bf06b21.jpeg","contentUrl":"https:\/\/zulenealves.com.br\/wp-content\/uploads\/2026\/09\/51262152-e6fa-492a-9c01-00b49bf06b21.jpeg","width":1200,"height":1149},{"@type":"BreadcrumbList","@id":"https:\/\/zulenealves.com.br\/index.php\/2026\/09\/04\/prefeitura-de-afogados-recebe-reforco-de-duas-novas-ambulancias\/#breadcrumb","itemListElement":[{"@type":"ListItem","position":1,"name":"In\u00edcio","item":"https:\/\/zulenealves.com.br\/"},{"@type":"ListItem","position":2,"name":"Prefeitura de Afogados recebe refor\u00e7o de duas novas ambul\u00e2ncias"}]},{"@type":"WebSite","@id":"https:\/\/zulenealves.com.br\/#website","url":"https:\/\/zulenealves.com.br\/","name":"Blog Zulene Alves","description":"","potentialAction":[{"@type":"SearchAction","target":{"@type":"EntryPoint","urlTemplate":"https:\/\/zulenealves.com.br\/?s={search_term_string}"},"query-input":{"@type":"PropertyValueSpecification","valueRequired":true,"valueName":"search_term_string"}}],"inLanguage":"pt-BR"},{"@type":"Person","@id":"https:\/\/zulenealves.com.br\/#\/schema\/person\/4076c08f761164e658f6461c6b0316ef","name":"zulenealves","image":{"@type":"ImageObject","inLanguage":"pt-BR","@id":"https:\/\/secure.gravatar.com\/avatar\/0c6cfdd7fa501763e4ab9715fb2b12c342c6a1ace0a16a25d743cdfbb340b122?s=96&d=mm&r=g","url":"https:\/\/secure.gravatar.com\/avatar\/0c6cfdd7fa501763e4ab9715fb2b12c342c6a1ace0a16a25d743cdfbb340b122?s=96&d=mm&r=g","contentUrl":"https:\/\/secure.gravatar.com\/avatar\/0c6cfdd7fa501763e4ab9715fb2b12c342c6a1ace0a16a25d743cdfbb340b122?s=96&d=mm&r=g","caption":"zulenealves"},"sameAs":["https:\/\/zulenealves.com.br"],"url":"https:\/\/zulenealves.com.br\/index.php\/author\/zulenealves\/"}]}},"_links":{"self":[{"href":"https:\/\/zulenealves.com.br\/index.php\/wp-json\/wp\/v2\/posts\/51618","targetHints":{"allow":["GET"]}}],"collection":[{"href":"https:\/\/zulenealves.com.br\/index.php\/wp-json\/wp\/v2\/posts"}],"about":[{"href":"https:\/\/zulenealves.com.br\/index.php\/wp-json\/wp\/v2\/types\/post"}],"author":[{"embeddable":true,"href":"https:\/\/zulenealves.com.br\/index.php\/wp-json\/wp\/v2\/users\/1"}],"replies":[{"embeddable":true,"href":"https:\/\/zulenealves.com.br\/index.php\/wp-json\/wp\/v2\/comments?post=51618"}],"version-history":[{"count":1,"href":"https:\/\/zulenealves.com.br\/index.php\/wp-json\/wp\/v2\/posts\/51618\/revisions"}],"predecessor-version":[{"id":51620,"href":"https:\/\/zulenealves.com.br\/index.php\/wp-json\/wp\/v2\/posts\/51618\/revisions\/51620"}],"wp:featuredmedia":[{"embeddable":true,"href":"https:\/\/zulenealves.com.br\/index.php\/wp-json\/wp\/v2\/media\/51619"}],"wp:attachment":[{"href":"https:\/\/zulenealves.com.br\/index.php\/wp-json\/wp\/v2\/media?parent=51618"}],"wp:term":[{"taxonomy":"category","embeddable":true,"href":"https:\/\/zulenealves.com.br\/index.php\/wp-json\/wp\/v2\/categories?post=51618"},{"taxonomy":"post_tag","embeddable":true,"href":"https:\/\/zulenealves.com.br\/index.php\/wp-json\/wp\/v2\/tags?post=51618"}],"curies":[{"name":"wp","href":"https:\/\/api.w.org\/{rel}","templated":true}]}}