{"id":51623,"date":"2026-09-04T00:43:13","date_gmt":"2026-09-04T03:43:13","guid":{"rendered":"https:\/\/zulenealves.com.br\/?p=51623"},"modified":"2026-09-04T05:44:08","modified_gmt":"2026-09-04T08:44:08","slug":"o-inquerito-sem-fim-que-permite-a-moraes-perseguir-ate-um-colega","status":"publish","type":"post","link":"https:\/\/zulenealves.com.br\/index.php\/2026\/09\/04\/o-inquerito-sem-fim-que-permite-a-moraes-perseguir-ate-um-colega\/","title":{"rendered":"O inqu\u00e9rito sem fim que permite a Moraes perseguir at\u00e9 um colega"},"content":{"rendered":"<figure style=\"width: 508px\" class=\"wp-caption aligncenter\"><img fetchpriority=\"high\" decoding=\"async\" src=\"https:\/\/imagens.ne10.uol.com.br\/veiculos\/_midias\/jpg\/2026\/09\/02\/alexandre_de_moraes_e_andre_mendonca-37045486.jpg?ims=800x533\" alt=\"\" width=\"518\" height=\"345\" \/><figcaption class=\"wp-caption-text\">Ministros do Supremo Tribunal Federal (STF) Alexandre de Moraes e Andr\u00e9 Mendon\u00e7a &#8211; Antonio Augusto\/STF<\/figcaption><\/figure>\n<p style=\"text-align: justify;\">O Brasil que se aproxima do feriado de sua independ\u00eancia encontra o desafio de provar que n\u00e3o \u00e9 uma republica de bananas mais uma vez. Para n\u00e3o ser uma rep\u00fablica de bananas \u00e9 preciso garantir que suas institui\u00e7\u00f5es funcionam para servir ao povo e n\u00e3o aos ocupantes dos cargos p\u00fablicos. Para servir ao povo \u00e9 necess\u00e1rio que at\u00e9 integrantes da mais alta corte judici\u00e1ria do pa\u00eds prestem contas \u00e0 popula\u00e7\u00e3o por seu comportamento. Ao inv\u00e9s de usarem o cargo para perseguir quem os questiona. E, se isso n\u00e3o for poss\u00edvel, \u00e9 necess\u00e1rio admitir que n\u00e3o vivemos mais em uma plena democracia,<\/p>\n<p style=\"text-align: justify;\">O epis\u00f3dio em que o ministro Alexandre de Moraes usa um inqu\u00e9rito aberto h\u00e1 quase oito anos para atacar o colega Andr\u00e9 Mendon\u00e7a, ap\u00f3s ter sido exposto numa investiga\u00e7\u00e3o da Pol\u00edcia Federal pelo relacionamento prom\u00edscuo que mantinha com um ex-banqueiro preso, \u00e9 o cap\u00edtulo mais preocupante dessa novela. O inqu\u00e9rito das FakeNews foi iniciado em mar\u00e7o de 2019 e acabou transformado em ferramenta controlada pelo ministro Moraes para perseguir qualquer um que o questione. Dentro dele, o funcion\u00e1rio p\u00fablico sob a toga do Supremo vira v\u00edtima, investigador, delegado, promotor, juiz e \u00fanico recurso. Questiona-se o motivo de ele nunca encerrar o inqu\u00e9rito. Algu\u00e9m quer motivo maior do que poder personalizar todo o estado em si mesmo? Moraes realiza o sonho de Lu\u00eds XIV da Fran\u00e7a. N\u00e3o \u00e9 pouca coisa.<\/p>\n<div class=\"gsp_post_data\" \r\n\t            data-post_type=\"post\" \r\n\t            data-cat=\"sem-categoria\" \r\n\t            data-modified=\"120\"\r\n\t            data-created=\"1788482593\"\r\n\t            data-title=\"O inqu\u00e9rito sem fim que permite a Moraes perseguir at\u00e9 um colega\" \r\n\t            data-home=\"https:\/\/zulenealves.com.br\"><\/div>","protected":false},"excerpt":{"rendered":"<p>O Brasil que se aproxima do feriado de sua independ\u00eancia encontra o desafio de provar que n\u00e3o \u00e9 uma republica de bananas mais uma vez. Para n\u00e3o ser uma rep\u00fablica de bananas \u00e9 preciso garantir que suas institui\u00e7\u00f5es funcionam para servir ao povo e n\u00e3o aos ocupantes dos cargos p\u00fablicos. Para servir ao povo \u00e9 &#8230; <\/p>\n<p class=\"read-more-container\"><a title=\"O inqu\u00e9rito sem fim que permite a Moraes perseguir at\u00e9 um colega\" class=\"read-more button\" href=\"https:\/\/zulenealves.com.br\/index.php\/2026\/09\/04\/o-inquerito-sem-fim-que-permite-a-moraes-perseguir-ate-um-colega\/#more-51623\" aria-label=\"More on O inqu\u00e9rito sem fim que permite a Moraes perseguir at\u00e9 um colega\">Leia mais<\/a><\/p>\n","protected":false},"author":2,"featured_media":0,"comment_status":"closed","ping_status":"closed","sticky":false,"template":"","format":"standard","meta":{"footnotes":""},"categories":[1],"tags":[],"class_list":["post-51623","post","type-post","status-publish","format-standard","hentry","category-sem-categoria"],"yoast_head":"<!-- This site is optimized with the Yoast SEO plugin v28.4 - https:\/\/yoast.com\/product\/yoast-seo-wordpress\/ -->\n<title>O inqu\u00e9rito sem fim que permite a Moraes perseguir at\u00e9 um colega - Blog Zulene Alves<\/title>\n<meta name=\"robots\" content=\"index, follow, max-snippet:-1, max-image-preview:large, max-video-preview:-1\" \/>\n<link rel=\"canonical\" href=\"https:\/\/zulenealves.com.br\/index.php\/2026\/09\/04\/o-inquerito-sem-fim-que-permite-a-moraes-perseguir-ate-um-colega\/\" \/>\n<meta property=\"og:locale\" content=\"pt_BR\" \/>\n<meta property=\"og:type\" content=\"article\" \/>\n<meta property=\"og:title\" content=\"O inqu\u00e9rito sem fim que permite a Moraes perseguir at\u00e9 um colega - Blog Zulene Alves\" \/>\n<meta property=\"og:description\" content=\"O Brasil que se aproxima do feriado de sua independ\u00eancia encontra o desafio de provar que n\u00e3o \u00e9 uma republica de bananas mais uma vez. Para n\u00e3o ser uma rep\u00fablica de bananas \u00e9 preciso garantir que suas institui\u00e7\u00f5es funcionam para servir ao povo e n\u00e3o aos ocupantes dos cargos p\u00fablicos. Para servir ao povo \u00e9 ... Leia mais\" \/>\n<meta property=\"og:url\" content=\"https:\/\/zulenealves.com.br\/index.php\/2026\/09\/04\/o-inquerito-sem-fim-que-permite-a-moraes-perseguir-ate-um-colega\/\" \/>\n<meta property=\"og:site_name\" content=\"Blog Zulene Alves\" \/>\n<meta property=\"article:published_time\" content=\"2026-09-04T03:43:13+00:00\" \/>\n<meta property=\"article:modified_time\" content=\"2026-09-04T08:44:08+00:00\" \/>\n<meta property=\"og:image\" content=\"https:\/\/imagens.ne10.uol.com.br\/veiculos\/_midias\/jpg\/2026\/09\/02\/alexandre_de_moraes_e_andre_mendonca-37045486.jpg?ims=800x533\" \/>\n<meta name=\"author\" content=\"Zulene Alves\" \/>\n<meta name=\"twitter:card\" content=\"summary_large_image\" \/>\n<meta name=\"twitter:label1\" content=\"Escrito por\" \/>\n\t<meta name=\"twitter:data1\" content=\"Zulene Alves\" \/>\n\t<meta name=\"twitter:label2\" content=\"Est. tempo de leitura\" \/>\n\t<meta name=\"twitter:data2\" content=\"2 minutos\" \/>\n<script type=\"application\/ld+json\" class=\"yoast-schema-graph\">{\"@context\":\"https:\\\/\\\/schema.org\",\"@graph\":[{\"@type\":\"Article\",\"@id\":\"https:\\\/\\\/zulenealves.com.br\\\/index.php\\\/2026\\\/09\\\/04\\\/o-inquerito-sem-fim-que-permite-a-moraes-perseguir-ate-um-colega\\\/#article\",\"isPartOf\":{\"@id\":\"https:\\\/\\\/zulenealves.com.br\\\/index.php\\\/2026\\\/09\\\/04\\\/o-inquerito-sem-fim-que-permite-a-moraes-perseguir-ate-um-colega\\\/\"},\"author\":{\"name\":\"Zulene Alves\",\"@id\":\"https:\\\/\\\/zulenealves.com.br\\\/#\\\/schema\\\/person\\\/211b267042952b9d9062603ea5230577\"},\"headline\":\"O inqu\u00e9rito sem fim que permite a Moraes perseguir at\u00e9 um colega\",\"datePublished\":\"2026-09-04T03:43:13+00:00\",\"dateModified\":\"2026-09-04T08:44:08+00:00\",\"mainEntityOfPage\":{\"@id\":\"https:\\\/\\\/zulenealves.com.br\\\/index.php\\\/2026\\\/09\\\/04\\\/o-inquerito-sem-fim-que-permite-a-moraes-perseguir-ate-um-colega\\\/\"},\"wordCount\":292,\"image\":{\"@id\":\"https:\\\/\\\/zulenealves.com.br\\\/index.php\\\/2026\\\/09\\\/04\\\/o-inquerito-sem-fim-que-permite-a-moraes-perseguir-ate-um-colega\\\/#primaryimage\"},\"thumbnailUrl\":\"https:\\\/\\\/imagens.ne10.uol.com.br\\\/veiculos\\\/_midias\\\/jpg\\\/2026\\\/09\\\/02\\\/alexandre_de_moraes_e_andre_mendonca-37045486.jpg?ims=800x533\",\"inLanguage\":\"pt-BR\"},{\"@type\":\"WebPage\",\"@id\":\"https:\\\/\\\/zulenealves.com.br\\\/index.php\\\/2026\\\/09\\\/04\\\/o-inquerito-sem-fim-que-permite-a-moraes-perseguir-ate-um-colega\\\/\",\"url\":\"https:\\\/\\\/zulenealves.com.br\\\/index.php\\\/2026\\\/09\\\/04\\\/o-inquerito-sem-fim-que-permite-a-moraes-perseguir-ate-um-colega\\\/\",\"name\":\"O inqu\u00e9rito sem fim que permite a Moraes perseguir at\u00e9 um colega - Blog Zulene Alves\",\"isPartOf\":{\"@id\":\"https:\\\/\\\/zulenealves.com.br\\\/#website\"},\"primaryImageOfPage\":{\"@id\":\"https:\\\/\\\/zulenealves.com.br\\\/index.php\\\/2026\\\/09\\\/04\\\/o-inquerito-sem-fim-que-permite-a-moraes-perseguir-ate-um-colega\\\/#primaryimage\"},\"image\":{\"@id\":\"https:\\\/\\\/zulenealves.com.br\\\/index.php\\\/2026\\\/09\\\/04\\\/o-inquerito-sem-fim-que-permite-a-moraes-perseguir-ate-um-colega\\\/#primaryimage\"},\"thumbnailUrl\":\"https:\\\/\\\/imagens.ne10.uol.com.br\\\/veiculos\\\/_midias\\\/jpg\\\/2026\\\/09\\\/02\\\/alexandre_de_moraes_e_andre_mendonca-37045486.jpg?ims=800x533\",\"datePublished\":\"2026-09-04T03:43:13+00:00\",\"dateModified\":\"2026-09-04T08:44:08+00:00\",\"author\":{\"@id\":\"https:\\\/\\\/zulenealves.com.br\\\/#\\\/schema\\\/person\\\/211b267042952b9d9062603ea5230577\"},\"breadcrumb\":{\"@id\":\"https:\\\/\\\/zulenealves.com.br\\\/index.php\\\/2026\\\/09\\\/04\\\/o-inquerito-sem-fim-que-permite-a-moraes-perseguir-ate-um-colega\\\/#breadcrumb\"},\"inLanguage\":\"pt-BR\",\"potentialAction\":[{\"@type\":\"ReadAction\",\"target\":[\"https:\\\/\\\/zulenealves.com.br\\\/index.php\\\/2026\\\/09\\\/04\\\/o-inquerito-sem-fim-que-permite-a-moraes-perseguir-ate-um-colega\\\/\"]}]},{\"@type\":\"ImageObject\",\"inLanguage\":\"pt-BR\",\"@id\":\"https:\\\/\\\/zulenealves.com.br\\\/index.php\\\/2026\\\/09\\\/04\\\/o-inquerito-sem-fim-que-permite-a-moraes-perseguir-ate-um-colega\\\/#primaryimage\",\"url\":\"https:\\\/\\\/imagens.ne10.uol.com.br\\\/veiculos\\\/_midias\\\/jpg\\\/2026\\\/09\\\/02\\\/alexandre_de_moraes_e_andre_mendonca-37045486.jpg?ims=800x533\",\"contentUrl\":\"https:\\\/\\\/imagens.ne10.uol.com.br\\\/veiculos\\\/_midias\\\/jpg\\\/2026\\\/09\\\/02\\\/alexandre_de_moraes_e_andre_mendonca-37045486.jpg?ims=800x533\"},{\"@type\":\"BreadcrumbList\",\"@id\":\"https:\\\/\\\/zulenealves.com.br\\\/index.php\\\/2026\\\/09\\\/04\\\/o-inquerito-sem-fim-que-permite-a-moraes-perseguir-ate-um-colega\\\/#breadcrumb\",\"itemListElement\":[{\"@type\":\"ListItem\",\"position\":1,\"name\":\"In\u00edcio\",\"item\":\"https:\\\/\\\/zulenealves.com.br\\\/\"},{\"@type\":\"ListItem\",\"position\":2,\"name\":\"O inqu\u00e9rito sem fim que permite a Moraes perseguir at\u00e9 um colega\"}]},{\"@type\":\"WebSite\",\"@id\":\"https:\\\/\\\/zulenealves.com.br\\\/#website\",\"url\":\"https:\\\/\\\/zulenealves.com.br\\\/\",\"name\":\"Blog Zulene Alves\",\"description\":\"\",\"potentialAction\":[{\"@type\":\"SearchAction\",\"target\":{\"@type\":\"EntryPoint\",\"urlTemplate\":\"https:\\\/\\\/zulenealves.com.br\\\/?s={search_term_string}\"},\"query-input\":{\"@type\":\"PropertyValueSpecification\",\"valueRequired\":true,\"valueName\":\"search_term_string\"}}],\"inLanguage\":\"pt-BR\"},{\"@type\":\"Person\",\"@id\":\"https:\\\/\\\/zulenealves.com.br\\\/#\\\/schema\\\/person\\\/211b267042952b9d9062603ea5230577\",\"name\":\"Zulene Alves\",\"image\":{\"@type\":\"ImageObject\",\"inLanguage\":\"pt-BR\",\"@id\":\"https:\\\/\\\/secure.gravatar.com\\\/avatar\\\/6256ae245147d58c317918f3a20dbf75c244838a7b265be12b0edacdedc94737?s=96&d=mm&r=g\",\"url\":\"https:\\\/\\\/secure.gravatar.com\\\/avatar\\\/6256ae245147d58c317918f3a20dbf75c244838a7b265be12b0edacdedc94737?s=96&d=mm&r=g\",\"contentUrl\":\"https:\\\/\\\/secure.gravatar.com\\\/avatar\\\/6256ae245147d58c317918f3a20dbf75c244838a7b265be12b0edacdedc94737?s=96&d=mm&r=g\",\"caption\":\"Zulene Alves\"},\"sameAs\":[\"https:\\\/\\\/zulenealves.com.br\\\/\"],\"url\":\"https:\\\/\\\/zulenealves.com.br\\\/index.php\\\/author\\\/zulene\\\/\"}]}<\/script>\n<!-- \/ Yoast SEO plugin. -->","yoast_head_json":{"title":"O inqu\u00e9rito sem fim que permite a Moraes perseguir at\u00e9 um colega - Blog Zulene Alves","robots":{"index":"index","follow":"follow","max-snippet":"max-snippet:-1","max-image-preview":"max-image-preview:large","max-video-preview":"max-video-preview:-1"},"canonical":"https:\/\/zulenealves.com.br\/index.php\/2026\/09\/04\/o-inquerito-sem-fim-que-permite-a-moraes-perseguir-ate-um-colega\/","og_locale":"pt_BR","og_type":"article","og_title":"O inqu\u00e9rito sem fim que permite a Moraes perseguir at\u00e9 um colega - Blog Zulene Alves","og_description":"O Brasil que se aproxima do feriado de sua independ\u00eancia encontra o desafio de provar que n\u00e3o \u00e9 uma republica de bananas mais uma vez. Para n\u00e3o ser uma rep\u00fablica de bananas \u00e9 preciso garantir que suas institui\u00e7\u00f5es funcionam para servir ao povo e n\u00e3o aos ocupantes dos cargos p\u00fablicos. Para servir ao povo \u00e9 ... Leia mais","og_url":"https:\/\/zulenealves.com.br\/index.php\/2026\/09\/04\/o-inquerito-sem-fim-que-permite-a-moraes-perseguir-ate-um-colega\/","og_site_name":"Blog Zulene Alves","article_published_time":"2026-09-04T03:43:13+00:00","article_modified_time":"2026-09-04T08:44:08+00:00","og_image":[{"url":"https:\/\/imagens.ne10.uol.com.br\/veiculos\/_midias\/jpg\/2026\/09\/02\/alexandre_de_moraes_e_andre_mendonca-37045486.jpg?ims=800x533","type":"","width":"","height":""}],"author":"Zulene Alves","twitter_card":"summary_large_image","twitter_misc":{"Escrito por":"Zulene Alves","Est. tempo de leitura":"2 minutos"},"schema":{"@context":"https:\/\/schema.org","@graph":[{"@type":"Article","@id":"https:\/\/zulenealves.com.br\/index.php\/2026\/09\/04\/o-inquerito-sem-fim-que-permite-a-moraes-perseguir-ate-um-colega\/#article","isPartOf":{"@id":"https:\/\/zulenealves.com.br\/index.php\/2026\/09\/04\/o-inquerito-sem-fim-que-permite-a-moraes-perseguir-ate-um-colega\/"},"author":{"name":"Zulene Alves","@id":"https:\/\/zulenealves.com.br\/#\/schema\/person\/211b267042952b9d9062603ea5230577"},"headline":"O inqu\u00e9rito sem fim que permite a Moraes perseguir at\u00e9 um colega","datePublished":"2026-09-04T03:43:13+00:00","dateModified":"2026-09-04T08:44:08+00:00","mainEntityOfPage":{"@id":"https:\/\/zulenealves.com.br\/index.php\/2026\/09\/04\/o-inquerito-sem-fim-que-permite-a-moraes-perseguir-ate-um-colega\/"},"wordCount":292,"image":{"@id":"https:\/\/zulenealves.com.br\/index.php\/2026\/09\/04\/o-inquerito-sem-fim-que-permite-a-moraes-perseguir-ate-um-colega\/#primaryimage"},"thumbnailUrl":"https:\/\/imagens.ne10.uol.com.br\/veiculos\/_midias\/jpg\/2026\/09\/02\/alexandre_de_moraes_e_andre_mendonca-37045486.jpg?ims=800x533","inLanguage":"pt-BR"},{"@type":"WebPage","@id":"https:\/\/zulenealves.com.br\/index.php\/2026\/09\/04\/o-inquerito-sem-fim-que-permite-a-moraes-perseguir-ate-um-colega\/","url":"https:\/\/zulenealves.com.br\/index.php\/2026\/09\/04\/o-inquerito-sem-fim-que-permite-a-moraes-perseguir-ate-um-colega\/","name":"O inqu\u00e9rito sem fim que permite a Moraes perseguir at\u00e9 um colega - Blog Zulene Alves","isPartOf":{"@id":"https:\/\/zulenealves.com.br\/#website"},"primaryImageOfPage":{"@id":"https:\/\/zulenealves.com.br\/index.php\/2026\/09\/04\/o-inquerito-sem-fim-que-permite-a-moraes-perseguir-ate-um-colega\/#primaryimage"},"image":{"@id":"https:\/\/zulenealves.com.br\/index.php\/2026\/09\/04\/o-inquerito-sem-fim-que-permite-a-moraes-perseguir-ate-um-colega\/#primaryimage"},"thumbnailUrl":"https:\/\/imagens.ne10.uol.com.br\/veiculos\/_midias\/jpg\/2026\/09\/02\/alexandre_de_moraes_e_andre_mendonca-37045486.jpg?ims=800x533","datePublished":"2026-09-04T03:43:13+00:00","dateModified":"2026-09-04T08:44:08+00:00","author":{"@id":"https:\/\/zulenealves.com.br\/#\/schema\/person\/211b267042952b9d9062603ea5230577"},"breadcrumb":{"@id":"https:\/\/zulenealves.com.br\/index.php\/2026\/09\/04\/o-inquerito-sem-fim-que-permite-a-moraes-perseguir-ate-um-colega\/#breadcrumb"},"inLanguage":"pt-BR","potentialAction":[{"@type":"ReadAction","target":["https:\/\/zulenealves.com.br\/index.php\/2026\/09\/04\/o-inquerito-sem-fim-que-permite-a-moraes-perseguir-ate-um-colega\/"]}]},{"@type":"ImageObject","inLanguage":"pt-BR","@id":"https:\/\/zulenealves.com.br\/index.php\/2026\/09\/04\/o-inquerito-sem-fim-que-permite-a-moraes-perseguir-ate-um-colega\/#primaryimage","url":"https:\/\/imagens.ne10.uol.com.br\/veiculos\/_midias\/jpg\/2026\/09\/02\/alexandre_de_moraes_e_andre_mendonca-37045486.jpg?ims=800x533","contentUrl":"https:\/\/imagens.ne10.uol.com.br\/veiculos\/_midias\/jpg\/2026\/09\/02\/alexandre_de_moraes_e_andre_mendonca-37045486.jpg?ims=800x533"},{"@type":"BreadcrumbList","@id":"https:\/\/zulenealves.com.br\/index.php\/2026\/09\/04\/o-inquerito-sem-fim-que-permite-a-moraes-perseguir-ate-um-colega\/#breadcrumb","itemListElement":[{"@type":"ListItem","position":1,"name":"In\u00edcio","item":"https:\/\/zulenealves.com.br\/"},{"@type":"ListItem","position":2,"name":"O inqu\u00e9rito sem fim que permite a Moraes perseguir at\u00e9 um colega"}]},{"@type":"WebSite","@id":"https:\/\/zulenealves.com.br\/#website","url":"https:\/\/zulenealves.com.br\/","name":"Blog Zulene Alves","description":"","potentialAction":[{"@type":"SearchAction","target":{"@type":"EntryPoint","urlTemplate":"https:\/\/zulenealves.com.br\/?s={search_term_string}"},"query-input":{"@type":"PropertyValueSpecification","valueRequired":true,"valueName":"search_term_string"}}],"inLanguage":"pt-BR"},{"@type":"Person","@id":"https:\/\/zulenealves.com.br\/#\/schema\/person\/211b267042952b9d9062603ea5230577","name":"Zulene Alves","image":{"@type":"ImageObject","inLanguage":"pt-BR","@id":"https:\/\/secure.gravatar.com\/avatar\/6256ae245147d58c317918f3a20dbf75c244838a7b265be12b0edacdedc94737?s=96&d=mm&r=g","url":"https:\/\/secure.gravatar.com\/avatar\/6256ae245147d58c317918f3a20dbf75c244838a7b265be12b0edacdedc94737?s=96&d=mm&r=g","contentUrl":"https:\/\/secure.gravatar.com\/avatar\/6256ae245147d58c317918f3a20dbf75c244838a7b265be12b0edacdedc94737?s=96&d=mm&r=g","caption":"Zulene Alves"},"sameAs":["https:\/\/zulenealves.com.br\/"],"url":"https:\/\/zulenealves.com.br\/index.php\/author\/zulene\/"}]}},"_links":{"self":[{"href":"https:\/\/zulenealves.com.br\/index.php\/wp-json\/wp\/v2\/posts\/51623","targetHints":{"allow":["GET"]}}],"collection":[{"href":"https:\/\/zulenealves.com.br\/index.php\/wp-json\/wp\/v2\/posts"}],"about":[{"href":"https:\/\/zulenealves.com.br\/index.php\/wp-json\/wp\/v2\/types\/post"}],"author":[{"embeddable":true,"href":"https:\/\/zulenealves.com.br\/index.php\/wp-json\/wp\/v2\/users\/2"}],"replies":[{"embeddable":true,"href":"https:\/\/zulenealves.com.br\/index.php\/wp-json\/wp\/v2\/comments?post=51623"}],"version-history":[{"count":1,"href":"https:\/\/zulenealves.com.br\/index.php\/wp-json\/wp\/v2\/posts\/51623\/revisions"}],"predecessor-version":[{"id":51624,"href":"https:\/\/zulenealves.com.br\/index.php\/wp-json\/wp\/v2\/posts\/51623\/revisions\/51624"}],"wp:attachment":[{"href":"https:\/\/zulenealves.com.br\/index.php\/wp-json\/wp\/v2\/media?parent=51623"}],"wp:term":[{"taxonomy":"category","embeddable":true,"href":"https:\/\/zulenealves.com.br\/index.php\/wp-json\/wp\/v2\/categories?post=51623"},{"taxonomy":"post_tag","embeddable":true,"href":"https:\/\/zulenealves.com.br\/index.php\/wp-json\/wp\/v2\/tags?post=51623"}],"curies":[{"name":"wp","href":"https:\/\/api.w.org\/{rel}","templated":true}]}}