{"id":51638,"date":"2026-09-04T14:07:16","date_gmt":"2026-09-04T17:07:16","guid":{"rendered":"https:\/\/zulenealves.com.br\/?p=51638"},"modified":"2026-09-04T14:07:16","modified_gmt":"2026-09-04T17:07:16","slug":"prefeitura-de-afogados-inicia-preparacao-para-rotatoria-na-henrique-dias","status":"publish","type":"post","link":"https:\/\/zulenealves.com.br\/index.php\/2026\/09\/04\/prefeitura-de-afogados-inicia-preparacao-para-rotatoria-na-henrique-dias\/","title":{"rendered":"Prefeitura de Afogados inicia prepara\u00e7\u00e3o para rotat\u00f3ria na Henrique Dias"},"content":{"rendered":"<p style=\"text-align: justify;\">As rotat\u00f3rias s\u00e3o importantes ferramentas de disciplinamento e ordenamento do tr\u00e2nsito. S\u00e3o solu\u00e7\u00f5es vi\u00e1veis para \u00e1reas onde sem\u00e1foros causariam mais reten\u00e7\u00f5es.<\/p>\n<p style=\"text-align: justify;\">Na manh\u00e3 desta sexta (04), a Prefeitura de Afogados da Ingazeira iniciou a prepara\u00e7\u00e3o asf\u00e1ltica do final da Rua Henrique Dias, na altura da pra\u00e7a de alimenta\u00e7\u00e3o, para a instala\u00e7\u00e3o de uma rotat\u00f3ria no local.<\/p>\n<p><img fetchpriority=\"high\" decoding=\"async\" class=\"aligncenter wp-image-51640\" src=\"https:\/\/zulenealves.com.br\/wp-content\/uploads\/2026\/09\/2d35291d-0d65-4923-a710-f875184ae330.jpeg\" alt=\"\" width=\"600\" height=\"585\" srcset=\"https:\/\/zulenealves.com.br\/wp-content\/uploads\/2026\/09\/2d35291d-0d65-4923-a710-f875184ae330.jpeg 1169w, https:\/\/zulenealves.com.br\/wp-content\/uploads\/2026\/09\/2d35291d-0d65-4923-a710-f875184ae330-300x292.jpeg 300w, https:\/\/zulenealves.com.br\/wp-content\/uploads\/2026\/09\/2d35291d-0d65-4923-a710-f875184ae330-1024x998.jpeg 1024w, https:\/\/zulenealves.com.br\/wp-content\/uploads\/2026\/09\/2d35291d-0d65-4923-a710-f875184ae330-768x748.jpeg 768w\" sizes=\"(max-width: 600px) 100vw, 600px\" \/><\/p>\n<p style=\"text-align: justify;\">Numa a\u00e7\u00e3o conjunta, a prepara\u00e7\u00e3o asf\u00e1ltica do terreno foi realizada pela secretaria de infraestrutura. J\u00e1 a instala\u00e7\u00e3o dos tach\u00f5es met\u00e1licos que ir\u00e3o delimitar a rotat\u00f3ria, bem como a sinaliza\u00e7\u00e3o espec\u00edfica do local, ser\u00e3o realizadas pela secretaria de transportes e tr\u00e2nsito.<\/p>\n<p style=\"text-align: justify;\">A expectativa \u00e9 que a rotat\u00f3ria, ap\u00f3s sua instala\u00e7\u00e3o, possa dar mais fluidez ao tr\u00e2nsito no local, foco de grandes reten\u00e7\u00f5es de tr\u00e2nsito, sobretudo em dias de feira livre.<\/p>\n<div class=\"gsp_post_data\" \r\n\t            data-post_type=\"post\" \r\n\t            data-cat=\"destaque\" \r\n\t            data-modified=\"120\"\r\n\t            data-created=\"1788530836\"\r\n\t            data-title=\"Prefeitura de Afogados inicia prepara\u00e7\u00e3o para rotat\u00f3ria na Henrique Dias\" \r\n\t            data-home=\"https:\/\/zulenealves.com.br\"><\/div>","protected":false},"excerpt":{"rendered":"<p>As rotat\u00f3rias s\u00e3o importantes ferramentas de disciplinamento e ordenamento do tr\u00e2nsito. S\u00e3o solu\u00e7\u00f5es vi\u00e1veis para \u00e1reas onde sem\u00e1foros causariam mais reten\u00e7\u00f5es. Na manh\u00e3 desta sexta (04), a Prefeitura de Afogados da Ingazeira iniciou a prepara\u00e7\u00e3o asf\u00e1ltica do final da Rua Henrique Dias, na altura da pra\u00e7a de alimenta\u00e7\u00e3o, para a instala\u00e7\u00e3o de uma rotat\u00f3ria no &#8230; <\/p>\n<p class=\"read-more-container\"><a title=\"Prefeitura de Afogados inicia prepara\u00e7\u00e3o para rotat\u00f3ria na Henrique Dias\" class=\"read-more button\" href=\"https:\/\/zulenealves.com.br\/index.php\/2026\/09\/04\/prefeitura-de-afogados-inicia-preparacao-para-rotatoria-na-henrique-dias\/#more-51638\" aria-label=\"More on Prefeitura de Afogados inicia prepara\u00e7\u00e3o para rotat\u00f3ria na Henrique Dias\">Leia mais<\/a><\/p>\n","protected":false},"author":1,"featured_media":51639,"comment_status":"closed","ping_status":"closed","sticky":false,"template":"","format":"standard","meta":{"footnotes":""},"categories":[23],"tags":[],"class_list":["post-51638","post","type-post","status-publish","format-standard","has-post-thumbnail","hentry","category-destaque","resize-featured-image"],"yoast_head":"<!-- This site is optimized with the Yoast SEO plugin v28.4 - https:\/\/yoast.com\/product\/yoast-seo-wordpress\/ -->\n<title>Prefeitura de Afogados inicia prepara\u00e7\u00e3o para rotat\u00f3ria na Henrique Dias - Blog Zulene Alves<\/title>\n<meta name=\"robots\" content=\"index, follow, max-snippet:-1, max-image-preview:large, max-video-preview:-1\" \/>\n<link rel=\"canonical\" href=\"https:\/\/zulenealves.com.br\/index.php\/2026\/09\/04\/prefeitura-de-afogados-inicia-preparacao-para-rotatoria-na-henrique-dias\/\" \/>\n<meta property=\"og:locale\" content=\"pt_BR\" \/>\n<meta property=\"og:type\" content=\"article\" \/>\n<meta property=\"og:title\" content=\"Prefeitura de Afogados inicia prepara\u00e7\u00e3o para rotat\u00f3ria na Henrique Dias - Blog Zulene Alves\" \/>\n<meta property=\"og:description\" content=\"As rotat\u00f3rias s\u00e3o importantes ferramentas de disciplinamento e ordenamento do tr\u00e2nsito. S\u00e3o solu\u00e7\u00f5es vi\u00e1veis para \u00e1reas onde sem\u00e1foros causariam mais reten\u00e7\u00f5es. Na manh\u00e3 desta sexta (04), a Prefeitura de Afogados da Ingazeira iniciou a prepara\u00e7\u00e3o asf\u00e1ltica do final da Rua Henrique Dias, na altura da pra\u00e7a de alimenta\u00e7\u00e3o, para a instala\u00e7\u00e3o de uma rotat\u00f3ria no ... Leia mais\" \/>\n<meta property=\"og:url\" content=\"https:\/\/zulenealves.com.br\/index.php\/2026\/09\/04\/prefeitura-de-afogados-inicia-preparacao-para-rotatoria-na-henrique-dias\/\" \/>\n<meta property=\"og:site_name\" content=\"Blog Zulene Alves\" \/>\n<meta property=\"article:published_time\" content=\"2026-09-04T17:07:16+00:00\" \/>\n<meta property=\"og:image\" content=\"https:\/\/zulenealves.com.br\/wp-content\/uploads\/2026\/09\/af9e8788-0a95-4e0a-bfc1-62ad66b15b2b.jpeg\" \/>\n\t<meta property=\"og:image:width\" content=\"1170\" \/>\n\t<meta property=\"og:image:height\" content=\"804\" \/>\n\t<meta property=\"og:image:type\" content=\"image\/jpeg\" \/>\n<meta name=\"author\" content=\"zulenealves\" \/>\n<meta name=\"twitter:card\" content=\"summary_large_image\" \/>\n<meta name=\"twitter:label1\" content=\"Escrito por\" \/>\n\t<meta name=\"twitter:data1\" content=\"zulenealves\" \/>\n\t<meta name=\"twitter:label2\" content=\"Est. tempo de leitura\" \/>\n\t<meta name=\"twitter:data2\" content=\"2 minutos\" \/>\n<script type=\"application\/ld+json\" class=\"yoast-schema-graph\">{\"@context\":\"https:\\\/\\\/schema.org\",\"@graph\":[{\"@type\":\"Article\",\"@id\":\"https:\\\/\\\/zulenealves.com.br\\\/index.php\\\/2026\\\/09\\\/04\\\/prefeitura-de-afogados-inicia-preparacao-para-rotatoria-na-henrique-dias\\\/#article\",\"isPartOf\":{\"@id\":\"https:\\\/\\\/zulenealves.com.br\\\/index.php\\\/2026\\\/09\\\/04\\\/prefeitura-de-afogados-inicia-preparacao-para-rotatoria-na-henrique-dias\\\/\"},\"author\":{\"name\":\"zulenealves\",\"@id\":\"https:\\\/\\\/zulenealves.com.br\\\/#\\\/schema\\\/person\\\/4076c08f761164e658f6461c6b0316ef\"},\"headline\":\"Prefeitura de Afogados inicia prepara\u00e7\u00e3o para rotat\u00f3ria na Henrique Dias\",\"datePublished\":\"2026-09-04T17:07:16+00:00\",\"mainEntityOfPage\":{\"@id\":\"https:\\\/\\\/zulenealves.com.br\\\/index.php\\\/2026\\\/09\\\/04\\\/prefeitura-de-afogados-inicia-preparacao-para-rotatoria-na-henrique-dias\\\/\"},\"wordCount\":167,\"image\":{\"@id\":\"https:\\\/\\\/zulenealves.com.br\\\/index.php\\\/2026\\\/09\\\/04\\\/prefeitura-de-afogados-inicia-preparacao-para-rotatoria-na-henrique-dias\\\/#primaryimage\"},\"thumbnailUrl\":\"https:\\\/\\\/zulenealves.com.br\\\/wp-content\\\/uploads\\\/2026\\\/09\\\/af9e8788-0a95-4e0a-bfc1-62ad66b15b2b.jpeg\",\"articleSection\":[\"Destaque\"],\"inLanguage\":\"pt-BR\"},{\"@type\":\"WebPage\",\"@id\":\"https:\\\/\\\/zulenealves.com.br\\\/index.php\\\/2026\\\/09\\\/04\\\/prefeitura-de-afogados-inicia-preparacao-para-rotatoria-na-henrique-dias\\\/\",\"url\":\"https:\\\/\\\/zulenealves.com.br\\\/index.php\\\/2026\\\/09\\\/04\\\/prefeitura-de-afogados-inicia-preparacao-para-rotatoria-na-henrique-dias\\\/\",\"name\":\"Prefeitura de Afogados inicia prepara\u00e7\u00e3o para rotat\u00f3ria na Henrique Dias - Blog Zulene Alves\",\"isPartOf\":{\"@id\":\"https:\\\/\\\/zulenealves.com.br\\\/#website\"},\"primaryImageOfPage\":{\"@id\":\"https:\\\/\\\/zulenealves.com.br\\\/index.php\\\/2026\\\/09\\\/04\\\/prefeitura-de-afogados-inicia-preparacao-para-rotatoria-na-henrique-dias\\\/#primaryimage\"},\"image\":{\"@id\":\"https:\\\/\\\/zulenealves.com.br\\\/index.php\\\/2026\\\/09\\\/04\\\/prefeitura-de-afogados-inicia-preparacao-para-rotatoria-na-henrique-dias\\\/#primaryimage\"},\"thumbnailUrl\":\"https:\\\/\\\/zulenealves.com.br\\\/wp-content\\\/uploads\\\/2026\\\/09\\\/af9e8788-0a95-4e0a-bfc1-62ad66b15b2b.jpeg\",\"datePublished\":\"2026-09-04T17:07:16+00:00\",\"author\":{\"@id\":\"https:\\\/\\\/zulenealves.com.br\\\/#\\\/schema\\\/person\\\/4076c08f761164e658f6461c6b0316ef\"},\"breadcrumb\":{\"@id\":\"https:\\\/\\\/zulenealves.com.br\\\/index.php\\\/2026\\\/09\\\/04\\\/prefeitura-de-afogados-inicia-preparacao-para-rotatoria-na-henrique-dias\\\/#breadcrumb\"},\"inLanguage\":\"pt-BR\",\"potentialAction\":[{\"@type\":\"ReadAction\",\"target\":[\"https:\\\/\\\/zulenealves.com.br\\\/index.php\\\/2026\\\/09\\\/04\\\/prefeitura-de-afogados-inicia-preparacao-para-rotatoria-na-henrique-dias\\\/\"]}]},{\"@type\":\"ImageObject\",\"inLanguage\":\"pt-BR\",\"@id\":\"https:\\\/\\\/zulenealves.com.br\\\/index.php\\\/2026\\\/09\\\/04\\\/prefeitura-de-afogados-inicia-preparacao-para-rotatoria-na-henrique-dias\\\/#primaryimage\",\"url\":\"https:\\\/\\\/zulenealves.com.br\\\/wp-content\\\/uploads\\\/2026\\\/09\\\/af9e8788-0a95-4e0a-bfc1-62ad66b15b2b.jpeg\",\"contentUrl\":\"https:\\\/\\\/zulenealves.com.br\\\/wp-content\\\/uploads\\\/2026\\\/09\\\/af9e8788-0a95-4e0a-bfc1-62ad66b15b2b.jpeg\",\"width\":1170,\"height\":804},{\"@type\":\"BreadcrumbList\",\"@id\":\"https:\\\/\\\/zulenealves.com.br\\\/index.php\\\/2026\\\/09\\\/04\\\/prefeitura-de-afogados-inicia-preparacao-para-rotatoria-na-henrique-dias\\\/#breadcrumb\",\"itemListElement\":[{\"@type\":\"ListItem\",\"position\":1,\"name\":\"In\u00edcio\",\"item\":\"https:\\\/\\\/zulenealves.com.br\\\/\"},{\"@type\":\"ListItem\",\"position\":2,\"name\":\"Prefeitura de Afogados inicia prepara\u00e7\u00e3o para rotat\u00f3ria na Henrique Dias\"}]},{\"@type\":\"WebSite\",\"@id\":\"https:\\\/\\\/zulenealves.com.br\\\/#website\",\"url\":\"https:\\\/\\\/zulenealves.com.br\\\/\",\"name\":\"Blog Zulene Alves\",\"description\":\"\",\"potentialAction\":[{\"@type\":\"SearchAction\",\"target\":{\"@type\":\"EntryPoint\",\"urlTemplate\":\"https:\\\/\\\/zulenealves.com.br\\\/?s={search_term_string}\"},\"query-input\":{\"@type\":\"PropertyValueSpecification\",\"valueRequired\":true,\"valueName\":\"search_term_string\"}}],\"inLanguage\":\"pt-BR\"},{\"@type\":\"Person\",\"@id\":\"https:\\\/\\\/zulenealves.com.br\\\/#\\\/schema\\\/person\\\/4076c08f761164e658f6461c6b0316ef\",\"name\":\"zulenealves\",\"image\":{\"@type\":\"ImageObject\",\"inLanguage\":\"pt-BR\",\"@id\":\"https:\\\/\\\/secure.gravatar.com\\\/avatar\\\/0c6cfdd7fa501763e4ab9715fb2b12c342c6a1ace0a16a25d743cdfbb340b122?s=96&d=mm&r=g\",\"url\":\"https:\\\/\\\/secure.gravatar.com\\\/avatar\\\/0c6cfdd7fa501763e4ab9715fb2b12c342c6a1ace0a16a25d743cdfbb340b122?s=96&d=mm&r=g\",\"contentUrl\":\"https:\\\/\\\/secure.gravatar.com\\\/avatar\\\/0c6cfdd7fa501763e4ab9715fb2b12c342c6a1ace0a16a25d743cdfbb340b122?s=96&d=mm&r=g\",\"caption\":\"zulenealves\"},\"sameAs\":[\"https:\\\/\\\/zulenealves.com.br\"],\"url\":\"https:\\\/\\\/zulenealves.com.br\\\/index.php\\\/author\\\/zulenealves\\\/\"}]}<\/script>\n<!-- \/ Yoast SEO plugin. -->","yoast_head_json":{"title":"Prefeitura de Afogados inicia prepara\u00e7\u00e3o para rotat\u00f3ria na Henrique Dias - Blog Zulene Alves","robots":{"index":"index","follow":"follow","max-snippet":"max-snippet:-1","max-image-preview":"max-image-preview:large","max-video-preview":"max-video-preview:-1"},"canonical":"https:\/\/zulenealves.com.br\/index.php\/2026\/09\/04\/prefeitura-de-afogados-inicia-preparacao-para-rotatoria-na-henrique-dias\/","og_locale":"pt_BR","og_type":"article","og_title":"Prefeitura de Afogados inicia prepara\u00e7\u00e3o para rotat\u00f3ria na Henrique Dias - Blog Zulene Alves","og_description":"As rotat\u00f3rias s\u00e3o importantes ferramentas de disciplinamento e ordenamento do tr\u00e2nsito. S\u00e3o solu\u00e7\u00f5es vi\u00e1veis para \u00e1reas onde sem\u00e1foros causariam mais reten\u00e7\u00f5es. Na manh\u00e3 desta sexta (04), a Prefeitura de Afogados da Ingazeira iniciou a prepara\u00e7\u00e3o asf\u00e1ltica do final da Rua Henrique Dias, na altura da pra\u00e7a de alimenta\u00e7\u00e3o, para a instala\u00e7\u00e3o de uma rotat\u00f3ria no ... Leia mais","og_url":"https:\/\/zulenealves.com.br\/index.php\/2026\/09\/04\/prefeitura-de-afogados-inicia-preparacao-para-rotatoria-na-henrique-dias\/","og_site_name":"Blog Zulene Alves","article_published_time":"2026-09-04T17:07:16+00:00","og_image":[{"width":1170,"height":804,"url":"https:\/\/zulenealves.com.br\/wp-content\/uploads\/2026\/09\/af9e8788-0a95-4e0a-bfc1-62ad66b15b2b.jpeg","type":"image\/jpeg"}],"author":"zulenealves","twitter_card":"summary_large_image","twitter_misc":{"Escrito por":"zulenealves","Est. tempo de leitura":"2 minutos"},"schema":{"@context":"https:\/\/schema.org","@graph":[{"@type":"Article","@id":"https:\/\/zulenealves.com.br\/index.php\/2026\/09\/04\/prefeitura-de-afogados-inicia-preparacao-para-rotatoria-na-henrique-dias\/#article","isPartOf":{"@id":"https:\/\/zulenealves.com.br\/index.php\/2026\/09\/04\/prefeitura-de-afogados-inicia-preparacao-para-rotatoria-na-henrique-dias\/"},"author":{"name":"zulenealves","@id":"https:\/\/zulenealves.com.br\/#\/schema\/person\/4076c08f761164e658f6461c6b0316ef"},"headline":"Prefeitura de Afogados inicia prepara\u00e7\u00e3o para rotat\u00f3ria na Henrique Dias","datePublished":"2026-09-04T17:07:16+00:00","mainEntityOfPage":{"@id":"https:\/\/zulenealves.com.br\/index.php\/2026\/09\/04\/prefeitura-de-afogados-inicia-preparacao-para-rotatoria-na-henrique-dias\/"},"wordCount":167,"image":{"@id":"https:\/\/zulenealves.com.br\/index.php\/2026\/09\/04\/prefeitura-de-afogados-inicia-preparacao-para-rotatoria-na-henrique-dias\/#primaryimage"},"thumbnailUrl":"https:\/\/zulenealves.com.br\/wp-content\/uploads\/2026\/09\/af9e8788-0a95-4e0a-bfc1-62ad66b15b2b.jpeg","articleSection":["Destaque"],"inLanguage":"pt-BR"},{"@type":"WebPage","@id":"https:\/\/zulenealves.com.br\/index.php\/2026\/09\/04\/prefeitura-de-afogados-inicia-preparacao-para-rotatoria-na-henrique-dias\/","url":"https:\/\/zulenealves.com.br\/index.php\/2026\/09\/04\/prefeitura-de-afogados-inicia-preparacao-para-rotatoria-na-henrique-dias\/","name":"Prefeitura de Afogados inicia prepara\u00e7\u00e3o para rotat\u00f3ria na Henrique Dias - Blog Zulene Alves","isPartOf":{"@id":"https:\/\/zulenealves.com.br\/#website"},"primaryImageOfPage":{"@id":"https:\/\/zulenealves.com.br\/index.php\/2026\/09\/04\/prefeitura-de-afogados-inicia-preparacao-para-rotatoria-na-henrique-dias\/#primaryimage"},"image":{"@id":"https:\/\/zulenealves.com.br\/index.php\/2026\/09\/04\/prefeitura-de-afogados-inicia-preparacao-para-rotatoria-na-henrique-dias\/#primaryimage"},"thumbnailUrl":"https:\/\/zulenealves.com.br\/wp-content\/uploads\/2026\/09\/af9e8788-0a95-4e0a-bfc1-62ad66b15b2b.jpeg","datePublished":"2026-09-04T17:07:16+00:00","author":{"@id":"https:\/\/zulenealves.com.br\/#\/schema\/person\/4076c08f761164e658f6461c6b0316ef"},"breadcrumb":{"@id":"https:\/\/zulenealves.com.br\/index.php\/2026\/09\/04\/prefeitura-de-afogados-inicia-preparacao-para-rotatoria-na-henrique-dias\/#breadcrumb"},"inLanguage":"pt-BR","potentialAction":[{"@type":"ReadAction","target":["https:\/\/zulenealves.com.br\/index.php\/2026\/09\/04\/prefeitura-de-afogados-inicia-preparacao-para-rotatoria-na-henrique-dias\/"]}]},{"@type":"ImageObject","inLanguage":"pt-BR","@id":"https:\/\/zulenealves.com.br\/index.php\/2026\/09\/04\/prefeitura-de-afogados-inicia-preparacao-para-rotatoria-na-henrique-dias\/#primaryimage","url":"https:\/\/zulenealves.com.br\/wp-content\/uploads\/2026\/09\/af9e8788-0a95-4e0a-bfc1-62ad66b15b2b.jpeg","contentUrl":"https:\/\/zulenealves.com.br\/wp-content\/uploads\/2026\/09\/af9e8788-0a95-4e0a-bfc1-62ad66b15b2b.jpeg","width":1170,"height":804},{"@type":"BreadcrumbList","@id":"https:\/\/zulenealves.com.br\/index.php\/2026\/09\/04\/prefeitura-de-afogados-inicia-preparacao-para-rotatoria-na-henrique-dias\/#breadcrumb","itemListElement":[{"@type":"ListItem","position":1,"name":"In\u00edcio","item":"https:\/\/zulenealves.com.br\/"},{"@type":"ListItem","position":2,"name":"Prefeitura de Afogados inicia prepara\u00e7\u00e3o para rotat\u00f3ria na Henrique Dias"}]},{"@type":"WebSite","@id":"https:\/\/zulenealves.com.br\/#website","url":"https:\/\/zulenealves.com.br\/","name":"Blog Zulene Alves","description":"","potentialAction":[{"@type":"SearchAction","target":{"@type":"EntryPoint","urlTemplate":"https:\/\/zulenealves.com.br\/?s={search_term_string}"},"query-input":{"@type":"PropertyValueSpecification","valueRequired":true,"valueName":"search_term_string"}}],"inLanguage":"pt-BR"},{"@type":"Person","@id":"https:\/\/zulenealves.com.br\/#\/schema\/person\/4076c08f761164e658f6461c6b0316ef","name":"zulenealves","image":{"@type":"ImageObject","inLanguage":"pt-BR","@id":"https:\/\/secure.gravatar.com\/avatar\/0c6cfdd7fa501763e4ab9715fb2b12c342c6a1ace0a16a25d743cdfbb340b122?s=96&d=mm&r=g","url":"https:\/\/secure.gravatar.com\/avatar\/0c6cfdd7fa501763e4ab9715fb2b12c342c6a1ace0a16a25d743cdfbb340b122?s=96&d=mm&r=g","contentUrl":"https:\/\/secure.gravatar.com\/avatar\/0c6cfdd7fa501763e4ab9715fb2b12c342c6a1ace0a16a25d743cdfbb340b122?s=96&d=mm&r=g","caption":"zulenealves"},"sameAs":["https:\/\/zulenealves.com.br"],"url":"https:\/\/zulenealves.com.br\/index.php\/author\/zulenealves\/"}]}},"_links":{"self":[{"href":"https:\/\/zulenealves.com.br\/index.php\/wp-json\/wp\/v2\/posts\/51638","targetHints":{"allow":["GET"]}}],"collection":[{"href":"https:\/\/zulenealves.com.br\/index.php\/wp-json\/wp\/v2\/posts"}],"about":[{"href":"https:\/\/zulenealves.com.br\/index.php\/wp-json\/wp\/v2\/types\/post"}],"author":[{"embeddable":true,"href":"https:\/\/zulenealves.com.br\/index.php\/wp-json\/wp\/v2\/users\/1"}],"replies":[{"embeddable":true,"href":"https:\/\/zulenealves.com.br\/index.php\/wp-json\/wp\/v2\/comments?post=51638"}],"version-history":[{"count":1,"href":"https:\/\/zulenealves.com.br\/index.php\/wp-json\/wp\/v2\/posts\/51638\/revisions"}],"predecessor-version":[{"id":51641,"href":"https:\/\/zulenealves.com.br\/index.php\/wp-json\/wp\/v2\/posts\/51638\/revisions\/51641"}],"wp:featuredmedia":[{"embeddable":true,"href":"https:\/\/zulenealves.com.br\/index.php\/wp-json\/wp\/v2\/media\/51639"}],"wp:attachment":[{"href":"https:\/\/zulenealves.com.br\/index.php\/wp-json\/wp\/v2\/media?parent=51638"}],"wp:term":[{"taxonomy":"category","embeddable":true,"href":"https:\/\/zulenealves.com.br\/index.php\/wp-json\/wp\/v2\/categories?post=51638"},{"taxonomy":"post_tag","embeddable":true,"href":"https:\/\/zulenealves.com.br\/index.php\/wp-json\/wp\/v2\/tags?post=51638"}],"curies":[{"name":"wp","href":"https:\/\/api.w.org\/{rel}","templated":true}]}}