{"id":51663,"date":"2026-09-05T13:47:13","date_gmt":"2026-09-05T16:47:13","guid":{"rendered":"https:\/\/zulenealves.com.br\/?p=51663"},"modified":"2026-09-05T13:47:13","modified_gmt":"2026-09-05T16:47:13","slug":"diogo-moraes-reforca-parceria-com-angelo-ferreira-e-destaca-acoes-do-mandato-em-sertania","status":"publish","type":"post","link":"https:\/\/zulenealves.com.br\/index.php\/2026\/09\/05\/diogo-moraes-reforca-parceria-com-angelo-ferreira-e-destaca-acoes-do-mandato-em-sertania\/","title":{"rendered":"Diogo Moraes refor\u00e7a parceria com \u00c2ngelo Ferreira e destaca a\u00e7\u00f5es do mandato em Sert\u00e2nia"},"content":{"rendered":"<p style=\"text-align: justify;\"><img fetchpriority=\"high\" decoding=\"async\" class=\"aligncenter\" src=\"https:\/\/blogdofinfa.com.br\/wp-content\/uploads\/2026\/09\/WhatsApp-Image-2026-09-05-at-08.21.24.webp\" width=\"507\" height=\"339\" \/><\/p>\n<p style=\"text-align: justify;\">A agenda do deputado estadual Diogo Moraes (PSB) voltou a percorrer o Sert\u00e3o nesta sexta-feira (4), com uma visita a Sert\u00e2nia, onde esteve ao lado do ex-prefeito \u00c2ngelo Ferreira, de vereadores e lideran\u00e7as que apoiam seu trabalho.<\/p>\n<p style=\"text-align: justify;\">A programa\u00e7\u00e3o come\u00e7ou com um porta a porta pelas ruas da cidade, em um momento de di\u00e1logo direto com a popula\u00e7\u00e3o. Em seguida, Diogo participou de um bate papo em pra\u00e7a p\u00fablica, onde apresentou a\u00e7\u00f5es e investimentos viabilizados por meio do seu mandato para o munic\u00edpio.<\/p>\n<p style=\"text-align: justify;\">Durante o ato, o parlamentar destacou conquistas importantes para Sert\u00e2nia, como a viabiliza\u00e7\u00e3o do Centro de Reabilita\u00e7\u00e3o e do P\u00e1tio de Feiras, al\u00e9m da articula\u00e7\u00e3o para a implanta\u00e7\u00e3o do contorno rodovi\u00e1rio e das obras de restaura\u00e7\u00e3o das rodovias PE-265 e PE-275. Ao todo, s\u00e3o quase R$ 7 milh\u00f5es em a\u00e7\u00f5es destinadas ao munic\u00edpio por meio da atua\u00e7\u00e3o do deputado.<\/p>\n<p style=\"text-align: justify;\">Diogo tamb\u00e9m ressaltou a conquista do Centro Acad\u00eamico do Sert\u00e3o, da Universidade Federal de Pernambuco (UFPE), para Sert\u00e2nia, iniciativa que representa um novo passo para ampliar o acesso ao ensino superior e gerar mais oportunidades para a popula\u00e7\u00e3o sertaniense.<\/p>\n<p style=\"text-align: justify;\">Em sua fala, o deputado refor\u00e7ou ainda a import\u00e2ncia de Pernambuco voltar a viver um ciclo de crescimento e desenvolvimento, defendendo a elei\u00e7\u00e3o de Lula para a Presid\u00eancia da Rep\u00fablica e de Jo\u00e3o Campos para o Governo do Estado. Segundo Diogo, a parceria entre os dois ser\u00e1 fundamental para retomar um modelo de gest\u00e3o que j\u00e1 trouxe avan\u00e7os para Pernambuco durante os governos de Lula e Eduardo Campos.<\/p>\n<p style=\"text-align: justify;\"><img decoding=\"async\" class=\"aligncenter wp-image-325643 entered litespeed-loaded\" src=\"https:\/\/blogdofinfa.com.br\/wp-content\/uploads\/2026\/09\/WhatsApp-Image-2026-09-05-at-08.21.23.webp\" sizes=\"(max-width: 592px) 100vw, 592px\" srcset=\"https:\/\/blogdofinfa.com.br\/wp-content\/uploads\/2026\/09\/WhatsApp-Image-2026-09-05-at-08.21.23.webp 1280w, https:\/\/blogdofinfa.com.br\/wp-content\/uploads\/2026\/09\/WhatsApp-Image-2026-09-05-at-08.21.23-300x201.webp 300w\" alt=\"\" width=\"508\" height=\"340\" data-lazyloaded=\"1\" data-src=\"https:\/\/blogdofinfa.com.br\/wp-content\/uploads\/2026\/09\/WhatsApp-Image-2026-09-05-at-08.21.23.webp\" data-srcset=\"https:\/\/blogdofinfa.com.br\/wp-content\/uploads\/2026\/09\/WhatsApp-Image-2026-09-05-at-08.21.23.webp 1280w, https:\/\/blogdofinfa.com.br\/wp-content\/uploads\/2026\/09\/WhatsApp-Image-2026-09-05-at-08.21.23-300x201.webp 300w\" data-sizes=\"(max-width: 592px) 100vw, 592px\" data-ll-status=\"loaded\" \/><\/p>\n<p style=\"text-align: justify;\">\u201c\u00c9 muito bom voltar a Sert\u00e2nia, uma terra que sempre nos acolheu t\u00e3o bem. Aqui temos trabalho, temos resultados e, principalmente, temos uma parceria constru\u00edda com \u00c2ngelo Ferreira e tantas lideran\u00e7as que acreditam no nosso mandato. \u00c9 olhando para tudo que j\u00e1 fizemos e para o que ainda podemos fazer que seguimos pedindo mais uma vez a confian\u00e7a da popula\u00e7\u00e3o\u201d, destacou Diogo.<\/p>\n<p style=\"text-align: justify;\">O ato contou com a participa\u00e7\u00e3o de vereadores, lideran\u00e7as pol\u00edticas e apoiadores do deputado, que refor\u00e7aram a uni\u00e3o em torno da continuidade do trabalho de Diogo Moraes em defesa de Sert\u00e2nia.<strong>\u00a0<\/strong><\/p>\n<p style=\"text-align: justify;\"><strong>Fotos: Samira Limeira<\/strong><\/p>\n<div class=\"gsp_post_data\" \r\n\t            data-post_type=\"post\" \r\n\t            data-cat=\"sem-categoria\" \r\n\t            data-modified=\"120\"\r\n\t            data-created=\"1788616033\"\r\n\t            data-title=\"Diogo Moraes refor\u00e7a parceria com \u00c2ngelo Ferreira e destaca a\u00e7\u00f5es do mandato em Sert\u00e2nia\" \r\n\t            data-home=\"https:\/\/zulenealves.com.br\"><\/div>","protected":false},"excerpt":{"rendered":"<p>A agenda do deputado estadual Diogo Moraes (PSB) voltou a percorrer o Sert\u00e3o nesta sexta-feira (4), com uma visita a Sert\u00e2nia, onde esteve ao lado do ex-prefeito \u00c2ngelo Ferreira, de vereadores e lideran\u00e7as que apoiam seu trabalho. A programa\u00e7\u00e3o come\u00e7ou com um porta a porta pelas ruas da cidade, em um momento de di\u00e1logo direto &#8230; <\/p>\n<p class=\"read-more-container\"><a title=\"Diogo Moraes refor\u00e7a parceria com \u00c2ngelo Ferreira e destaca a\u00e7\u00f5es do mandato em Sert\u00e2nia\" class=\"read-more button\" href=\"https:\/\/zulenealves.com.br\/index.php\/2026\/09\/05\/diogo-moraes-reforca-parceria-com-angelo-ferreira-e-destaca-acoes-do-mandato-em-sertania\/#more-51663\" aria-label=\"More on Diogo Moraes refor\u00e7a parceria com \u00c2ngelo Ferreira e destaca a\u00e7\u00f5es do mandato em Sert\u00e2nia\">Leia mais<\/a><\/p>\n","protected":false},"author":2,"featured_media":0,"comment_status":"closed","ping_status":"closed","sticky":false,"template":"","format":"standard","meta":{"footnotes":""},"categories":[1],"tags":[],"class_list":["post-51663","post","type-post","status-publish","format-standard","hentry","category-sem-categoria"],"yoast_head":"<!-- This site is optimized with the Yoast SEO plugin v28.4 - https:\/\/yoast.com\/product\/yoast-seo-wordpress\/ -->\n<title>Diogo Moraes refor\u00e7a parceria com \u00c2ngelo Ferreira e destaca a\u00e7\u00f5es do mandato em Sert\u00e2nia - Blog Zulene Alves<\/title>\n<meta name=\"robots\" content=\"index, follow, max-snippet:-1, max-image-preview:large, max-video-preview:-1\" \/>\n<link rel=\"canonical\" href=\"https:\/\/zulenealves.com.br\/index.php\/2026\/09\/05\/diogo-moraes-reforca-parceria-com-angelo-ferreira-e-destaca-acoes-do-mandato-em-sertania\/\" \/>\n<meta property=\"og:locale\" content=\"pt_BR\" \/>\n<meta property=\"og:type\" content=\"article\" \/>\n<meta property=\"og:title\" content=\"Diogo Moraes refor\u00e7a parceria com \u00c2ngelo Ferreira e destaca a\u00e7\u00f5es do mandato em Sert\u00e2nia - Blog Zulene Alves\" \/>\n<meta property=\"og:description\" content=\"A agenda do deputado estadual Diogo Moraes (PSB) voltou a percorrer o Sert\u00e3o nesta sexta-feira (4), com uma visita a Sert\u00e2nia, onde esteve ao lado do ex-prefeito \u00c2ngelo Ferreira, de vereadores e lideran\u00e7as que apoiam seu trabalho. A programa\u00e7\u00e3o come\u00e7ou com um porta a porta pelas ruas da cidade, em um momento de di\u00e1logo direto ... Leia mais\" \/>\n<meta property=\"og:url\" content=\"https:\/\/zulenealves.com.br\/index.php\/2026\/09\/05\/diogo-moraes-reforca-parceria-com-angelo-ferreira-e-destaca-acoes-do-mandato-em-sertania\/\" \/>\n<meta property=\"og:site_name\" content=\"Blog Zulene Alves\" \/>\n<meta property=\"article:published_time\" content=\"2026-09-05T16:47:13+00:00\" \/>\n<meta property=\"og:image\" content=\"https:\/\/blogdofinfa.com.br\/wp-content\/uploads\/2026\/09\/WhatsApp-Image-2026-09-05-at-08.21.24.webp\" \/>\n<meta name=\"author\" content=\"Zulene Alves\" \/>\n<meta name=\"twitter:card\" content=\"summary_large_image\" \/>\n<meta name=\"twitter:label1\" content=\"Escrito por\" \/>\n\t<meta name=\"twitter:data1\" content=\"Zulene Alves\" \/>\n\t<meta name=\"twitter:label2\" content=\"Est. tempo de leitura\" \/>\n\t<meta name=\"twitter:data2\" content=\"3 minutos\" \/>\n<script type=\"application\/ld+json\" class=\"yoast-schema-graph\">{\"@context\":\"https:\\\/\\\/schema.org\",\"@graph\":[{\"@type\":\"Article\",\"@id\":\"https:\\\/\\\/zulenealves.com.br\\\/index.php\\\/2026\\\/09\\\/05\\\/diogo-moraes-reforca-parceria-com-angelo-ferreira-e-destaca-acoes-do-mandato-em-sertania\\\/#article\",\"isPartOf\":{\"@id\":\"https:\\\/\\\/zulenealves.com.br\\\/index.php\\\/2026\\\/09\\\/05\\\/diogo-moraes-reforca-parceria-com-angelo-ferreira-e-destaca-acoes-do-mandato-em-sertania\\\/\"},\"author\":{\"name\":\"Zulene Alves\",\"@id\":\"https:\\\/\\\/zulenealves.com.br\\\/#\\\/schema\\\/person\\\/211b267042952b9d9062603ea5230577\"},\"headline\":\"Diogo Moraes refor\u00e7a parceria com \u00c2ngelo Ferreira e destaca a\u00e7\u00f5es do mandato em Sert\u00e2nia\",\"datePublished\":\"2026-09-05T16:47:13+00:00\",\"mainEntityOfPage\":{\"@id\":\"https:\\\/\\\/zulenealves.com.br\\\/index.php\\\/2026\\\/09\\\/05\\\/diogo-moraes-reforca-parceria-com-angelo-ferreira-e-destaca-acoes-do-mandato-em-sertania\\\/\"},\"wordCount\":408,\"image\":{\"@id\":\"https:\\\/\\\/zulenealves.com.br\\\/index.php\\\/2026\\\/09\\\/05\\\/diogo-moraes-reforca-parceria-com-angelo-ferreira-e-destaca-acoes-do-mandato-em-sertania\\\/#primaryimage\"},\"thumbnailUrl\":\"https:\\\/\\\/blogdofinfa.com.br\\\/wp-content\\\/uploads\\\/2026\\\/09\\\/WhatsApp-Image-2026-09-05-at-08.21.24.webp\",\"inLanguage\":\"pt-BR\"},{\"@type\":\"WebPage\",\"@id\":\"https:\\\/\\\/zulenealves.com.br\\\/index.php\\\/2026\\\/09\\\/05\\\/diogo-moraes-reforca-parceria-com-angelo-ferreira-e-destaca-acoes-do-mandato-em-sertania\\\/\",\"url\":\"https:\\\/\\\/zulenealves.com.br\\\/index.php\\\/2026\\\/09\\\/05\\\/diogo-moraes-reforca-parceria-com-angelo-ferreira-e-destaca-acoes-do-mandato-em-sertania\\\/\",\"name\":\"Diogo Moraes refor\u00e7a parceria com \u00c2ngelo Ferreira e destaca a\u00e7\u00f5es do mandato em Sert\u00e2nia - Blog Zulene Alves\",\"isPartOf\":{\"@id\":\"https:\\\/\\\/zulenealves.com.br\\\/#website\"},\"primaryImageOfPage\":{\"@id\":\"https:\\\/\\\/zulenealves.com.br\\\/index.php\\\/2026\\\/09\\\/05\\\/diogo-moraes-reforca-parceria-com-angelo-ferreira-e-destaca-acoes-do-mandato-em-sertania\\\/#primaryimage\"},\"image\":{\"@id\":\"https:\\\/\\\/zulenealves.com.br\\\/index.php\\\/2026\\\/09\\\/05\\\/diogo-moraes-reforca-parceria-com-angelo-ferreira-e-destaca-acoes-do-mandato-em-sertania\\\/#primaryimage\"},\"thumbnailUrl\":\"https:\\\/\\\/blogdofinfa.com.br\\\/wp-content\\\/uploads\\\/2026\\\/09\\\/WhatsApp-Image-2026-09-05-at-08.21.24.webp\",\"datePublished\":\"2026-09-05T16:47:13+00:00\",\"author\":{\"@id\":\"https:\\\/\\\/zulenealves.com.br\\\/#\\\/schema\\\/person\\\/211b267042952b9d9062603ea5230577\"},\"breadcrumb\":{\"@id\":\"https:\\\/\\\/zulenealves.com.br\\\/index.php\\\/2026\\\/09\\\/05\\\/diogo-moraes-reforca-parceria-com-angelo-ferreira-e-destaca-acoes-do-mandato-em-sertania\\\/#breadcrumb\"},\"inLanguage\":\"pt-BR\",\"potentialAction\":[{\"@type\":\"ReadAction\",\"target\":[\"https:\\\/\\\/zulenealves.com.br\\\/index.php\\\/2026\\\/09\\\/05\\\/diogo-moraes-reforca-parceria-com-angelo-ferreira-e-destaca-acoes-do-mandato-em-sertania\\\/\"]}]},{\"@type\":\"ImageObject\",\"inLanguage\":\"pt-BR\",\"@id\":\"https:\\\/\\\/zulenealves.com.br\\\/index.php\\\/2026\\\/09\\\/05\\\/diogo-moraes-reforca-parceria-com-angelo-ferreira-e-destaca-acoes-do-mandato-em-sertania\\\/#primaryimage\",\"url\":\"https:\\\/\\\/blogdofinfa.com.br\\\/wp-content\\\/uploads\\\/2026\\\/09\\\/WhatsApp-Image-2026-09-05-at-08.21.24.webp\",\"contentUrl\":\"https:\\\/\\\/blogdofinfa.com.br\\\/wp-content\\\/uploads\\\/2026\\\/09\\\/WhatsApp-Image-2026-09-05-at-08.21.24.webp\"},{\"@type\":\"BreadcrumbList\",\"@id\":\"https:\\\/\\\/zulenealves.com.br\\\/index.php\\\/2026\\\/09\\\/05\\\/diogo-moraes-reforca-parceria-com-angelo-ferreira-e-destaca-acoes-do-mandato-em-sertania\\\/#breadcrumb\",\"itemListElement\":[{\"@type\":\"ListItem\",\"position\":1,\"name\":\"In\u00edcio\",\"item\":\"https:\\\/\\\/zulenealves.com.br\\\/\"},{\"@type\":\"ListItem\",\"position\":2,\"name\":\"Diogo Moraes refor\u00e7a parceria com \u00c2ngelo Ferreira e destaca a\u00e7\u00f5es do mandato em Sert\u00e2nia\"}]},{\"@type\":\"WebSite\",\"@id\":\"https:\\\/\\\/zulenealves.com.br\\\/#website\",\"url\":\"https:\\\/\\\/zulenealves.com.br\\\/\",\"name\":\"Blog Zulene Alves\",\"description\":\"\",\"potentialAction\":[{\"@type\":\"SearchAction\",\"target\":{\"@type\":\"EntryPoint\",\"urlTemplate\":\"https:\\\/\\\/zulenealves.com.br\\\/?s={search_term_string}\"},\"query-input\":{\"@type\":\"PropertyValueSpecification\",\"valueRequired\":true,\"valueName\":\"search_term_string\"}}],\"inLanguage\":\"pt-BR\"},{\"@type\":\"Person\",\"@id\":\"https:\\\/\\\/zulenealves.com.br\\\/#\\\/schema\\\/person\\\/211b267042952b9d9062603ea5230577\",\"name\":\"Zulene Alves\",\"image\":{\"@type\":\"ImageObject\",\"inLanguage\":\"pt-BR\",\"@id\":\"https:\\\/\\\/secure.gravatar.com\\\/avatar\\\/6256ae245147d58c317918f3a20dbf75c244838a7b265be12b0edacdedc94737?s=96&d=mm&r=g\",\"url\":\"https:\\\/\\\/secure.gravatar.com\\\/avatar\\\/6256ae245147d58c317918f3a20dbf75c244838a7b265be12b0edacdedc94737?s=96&d=mm&r=g\",\"contentUrl\":\"https:\\\/\\\/secure.gravatar.com\\\/avatar\\\/6256ae245147d58c317918f3a20dbf75c244838a7b265be12b0edacdedc94737?s=96&d=mm&r=g\",\"caption\":\"Zulene Alves\"},\"sameAs\":[\"https:\\\/\\\/zulenealves.com.br\\\/\"],\"url\":\"https:\\\/\\\/zulenealves.com.br\\\/index.php\\\/author\\\/zulene\\\/\"}]}<\/script>\n<!-- \/ Yoast SEO plugin. -->","yoast_head_json":{"title":"Diogo Moraes refor\u00e7a parceria com \u00c2ngelo Ferreira e destaca a\u00e7\u00f5es do mandato em Sert\u00e2nia - Blog Zulene Alves","robots":{"index":"index","follow":"follow","max-snippet":"max-snippet:-1","max-image-preview":"max-image-preview:large","max-video-preview":"max-video-preview:-1"},"canonical":"https:\/\/zulenealves.com.br\/index.php\/2026\/09\/05\/diogo-moraes-reforca-parceria-com-angelo-ferreira-e-destaca-acoes-do-mandato-em-sertania\/","og_locale":"pt_BR","og_type":"article","og_title":"Diogo Moraes refor\u00e7a parceria com \u00c2ngelo Ferreira e destaca a\u00e7\u00f5es do mandato em Sert\u00e2nia - Blog Zulene Alves","og_description":"A agenda do deputado estadual Diogo Moraes (PSB) voltou a percorrer o Sert\u00e3o nesta sexta-feira (4), com uma visita a Sert\u00e2nia, onde esteve ao lado do ex-prefeito \u00c2ngelo Ferreira, de vereadores e lideran\u00e7as que apoiam seu trabalho. A programa\u00e7\u00e3o come\u00e7ou com um porta a porta pelas ruas da cidade, em um momento de di\u00e1logo direto ... Leia mais","og_url":"https:\/\/zulenealves.com.br\/index.php\/2026\/09\/05\/diogo-moraes-reforca-parceria-com-angelo-ferreira-e-destaca-acoes-do-mandato-em-sertania\/","og_site_name":"Blog Zulene Alves","article_published_time":"2026-09-05T16:47:13+00:00","og_image":[{"url":"https:\/\/blogdofinfa.com.br\/wp-content\/uploads\/2026\/09\/WhatsApp-Image-2026-09-05-at-08.21.24.webp","type":"","width":"","height":""}],"author":"Zulene Alves","twitter_card":"summary_large_image","twitter_misc":{"Escrito por":"Zulene Alves","Est. tempo de leitura":"3 minutos"},"schema":{"@context":"https:\/\/schema.org","@graph":[{"@type":"Article","@id":"https:\/\/zulenealves.com.br\/index.php\/2026\/09\/05\/diogo-moraes-reforca-parceria-com-angelo-ferreira-e-destaca-acoes-do-mandato-em-sertania\/#article","isPartOf":{"@id":"https:\/\/zulenealves.com.br\/index.php\/2026\/09\/05\/diogo-moraes-reforca-parceria-com-angelo-ferreira-e-destaca-acoes-do-mandato-em-sertania\/"},"author":{"name":"Zulene Alves","@id":"https:\/\/zulenealves.com.br\/#\/schema\/person\/211b267042952b9d9062603ea5230577"},"headline":"Diogo Moraes refor\u00e7a parceria com \u00c2ngelo Ferreira e destaca a\u00e7\u00f5es do mandato em Sert\u00e2nia","datePublished":"2026-09-05T16:47:13+00:00","mainEntityOfPage":{"@id":"https:\/\/zulenealves.com.br\/index.php\/2026\/09\/05\/diogo-moraes-reforca-parceria-com-angelo-ferreira-e-destaca-acoes-do-mandato-em-sertania\/"},"wordCount":408,"image":{"@id":"https:\/\/zulenealves.com.br\/index.php\/2026\/09\/05\/diogo-moraes-reforca-parceria-com-angelo-ferreira-e-destaca-acoes-do-mandato-em-sertania\/#primaryimage"},"thumbnailUrl":"https:\/\/blogdofinfa.com.br\/wp-content\/uploads\/2026\/09\/WhatsApp-Image-2026-09-05-at-08.21.24.webp","inLanguage":"pt-BR"},{"@type":"WebPage","@id":"https:\/\/zulenealves.com.br\/index.php\/2026\/09\/05\/diogo-moraes-reforca-parceria-com-angelo-ferreira-e-destaca-acoes-do-mandato-em-sertania\/","url":"https:\/\/zulenealves.com.br\/index.php\/2026\/09\/05\/diogo-moraes-reforca-parceria-com-angelo-ferreira-e-destaca-acoes-do-mandato-em-sertania\/","name":"Diogo Moraes refor\u00e7a parceria com \u00c2ngelo Ferreira e destaca a\u00e7\u00f5es do mandato em Sert\u00e2nia - Blog Zulene Alves","isPartOf":{"@id":"https:\/\/zulenealves.com.br\/#website"},"primaryImageOfPage":{"@id":"https:\/\/zulenealves.com.br\/index.php\/2026\/09\/05\/diogo-moraes-reforca-parceria-com-angelo-ferreira-e-destaca-acoes-do-mandato-em-sertania\/#primaryimage"},"image":{"@id":"https:\/\/zulenealves.com.br\/index.php\/2026\/09\/05\/diogo-moraes-reforca-parceria-com-angelo-ferreira-e-destaca-acoes-do-mandato-em-sertania\/#primaryimage"},"thumbnailUrl":"https:\/\/blogdofinfa.com.br\/wp-content\/uploads\/2026\/09\/WhatsApp-Image-2026-09-05-at-08.21.24.webp","datePublished":"2026-09-05T16:47:13+00:00","author":{"@id":"https:\/\/zulenealves.com.br\/#\/schema\/person\/211b267042952b9d9062603ea5230577"},"breadcrumb":{"@id":"https:\/\/zulenealves.com.br\/index.php\/2026\/09\/05\/diogo-moraes-reforca-parceria-com-angelo-ferreira-e-destaca-acoes-do-mandato-em-sertania\/#breadcrumb"},"inLanguage":"pt-BR","potentialAction":[{"@type":"ReadAction","target":["https:\/\/zulenealves.com.br\/index.php\/2026\/09\/05\/diogo-moraes-reforca-parceria-com-angelo-ferreira-e-destaca-acoes-do-mandato-em-sertania\/"]}]},{"@type":"ImageObject","inLanguage":"pt-BR","@id":"https:\/\/zulenealves.com.br\/index.php\/2026\/09\/05\/diogo-moraes-reforca-parceria-com-angelo-ferreira-e-destaca-acoes-do-mandato-em-sertania\/#primaryimage","url":"https:\/\/blogdofinfa.com.br\/wp-content\/uploads\/2026\/09\/WhatsApp-Image-2026-09-05-at-08.21.24.webp","contentUrl":"https:\/\/blogdofinfa.com.br\/wp-content\/uploads\/2026\/09\/WhatsApp-Image-2026-09-05-at-08.21.24.webp"},{"@type":"BreadcrumbList","@id":"https:\/\/zulenealves.com.br\/index.php\/2026\/09\/05\/diogo-moraes-reforca-parceria-com-angelo-ferreira-e-destaca-acoes-do-mandato-em-sertania\/#breadcrumb","itemListElement":[{"@type":"ListItem","position":1,"name":"In\u00edcio","item":"https:\/\/zulenealves.com.br\/"},{"@type":"ListItem","position":2,"name":"Diogo Moraes refor\u00e7a parceria com \u00c2ngelo Ferreira e destaca a\u00e7\u00f5es do mandato em Sert\u00e2nia"}]},{"@type":"WebSite","@id":"https:\/\/zulenealves.com.br\/#website","url":"https:\/\/zulenealves.com.br\/","name":"Blog Zulene Alves","description":"","potentialAction":[{"@type":"SearchAction","target":{"@type":"EntryPoint","urlTemplate":"https:\/\/zulenealves.com.br\/?s={search_term_string}"},"query-input":{"@type":"PropertyValueSpecification","valueRequired":true,"valueName":"search_term_string"}}],"inLanguage":"pt-BR"},{"@type":"Person","@id":"https:\/\/zulenealves.com.br\/#\/schema\/person\/211b267042952b9d9062603ea5230577","name":"Zulene Alves","image":{"@type":"ImageObject","inLanguage":"pt-BR","@id":"https:\/\/secure.gravatar.com\/avatar\/6256ae245147d58c317918f3a20dbf75c244838a7b265be12b0edacdedc94737?s=96&d=mm&r=g","url":"https:\/\/secure.gravatar.com\/avatar\/6256ae245147d58c317918f3a20dbf75c244838a7b265be12b0edacdedc94737?s=96&d=mm&r=g","contentUrl":"https:\/\/secure.gravatar.com\/avatar\/6256ae245147d58c317918f3a20dbf75c244838a7b265be12b0edacdedc94737?s=96&d=mm&r=g","caption":"Zulene Alves"},"sameAs":["https:\/\/zulenealves.com.br\/"],"url":"https:\/\/zulenealves.com.br\/index.php\/author\/zulene\/"}]}},"_links":{"self":[{"href":"https:\/\/zulenealves.com.br\/index.php\/wp-json\/wp\/v2\/posts\/51663","targetHints":{"allow":["GET"]}}],"collection":[{"href":"https:\/\/zulenealves.com.br\/index.php\/wp-json\/wp\/v2\/posts"}],"about":[{"href":"https:\/\/zulenealves.com.br\/index.php\/wp-json\/wp\/v2\/types\/post"}],"author":[{"embeddable":true,"href":"https:\/\/zulenealves.com.br\/index.php\/wp-json\/wp\/v2\/users\/2"}],"replies":[{"embeddable":true,"href":"https:\/\/zulenealves.com.br\/index.php\/wp-json\/wp\/v2\/comments?post=51663"}],"version-history":[{"count":1,"href":"https:\/\/zulenealves.com.br\/index.php\/wp-json\/wp\/v2\/posts\/51663\/revisions"}],"predecessor-version":[{"id":51664,"href":"https:\/\/zulenealves.com.br\/index.php\/wp-json\/wp\/v2\/posts\/51663\/revisions\/51664"}],"wp:attachment":[{"href":"https:\/\/zulenealves.com.br\/index.php\/wp-json\/wp\/v2\/media?parent=51663"}],"wp:term":[{"taxonomy":"category","embeddable":true,"href":"https:\/\/zulenealves.com.br\/index.php\/wp-json\/wp\/v2\/categories?post=51663"},{"taxonomy":"post_tag","embeddable":true,"href":"https:\/\/zulenealves.com.br\/index.php\/wp-json\/wp\/v2\/tags?post=51663"}],"curies":[{"name":"wp","href":"https:\/\/api.w.org\/{rel}","templated":true}]}}