{"id":51665,"date":"2026-09-05T13:53:05","date_gmt":"2026-09-05T16:53:05","guid":{"rendered":"https:\/\/zulenealves.com.br\/?p=51665"},"modified":"2026-09-05T13:53:05","modified_gmt":"2026-09-05T16:53:05","slug":"mello-a-cnn-precisamos-dar-uma-satisfacao-a-sociedade-que-esta-perplexa","status":"publish","type":"post","link":"https:\/\/zulenealves.com.br\/index.php\/2026\/09\/05\/mello-a-cnn-precisamos-dar-uma-satisfacao-a-sociedade-que-esta-perplexa\/","title":{"rendered":"Mello \u00e0 CNN: &#8220;Precisamos dar uma satisfa\u00e7\u00e3o \u00e0 sociedade, que est\u00e1 perplexa&#8221;"},"content":{"rendered":"<p><img fetchpriority=\"high\" decoding=\"async\" class=\"aligncenter\" src=\"https:\/\/admin.cnnbrasil.com.br\/wp-content\/uploads\/sites\/12\/2025\/07\/BR_CNN_250725_ZOOM_MARCO_AURELIO_MELLO_frame_24762.jpeg?w=419&amp;h=283&amp;crop=0&amp;quality=90\" alt=\"Marco Aur\u00e9lio Mello, ex-ministro do Supremo Tribunal Federal (STF)\" width=\"556\" height=\"312\" \/><\/p>\n<p style=\"text-align: justify;\">Em entrevista \u00e0\u00a0<strong class=\"group-[.isActiveSource]:text-xl group-[.isActiveSource]:font-bold\">CNN Brasil\u00a0<\/strong>na manh\u00e3 deste s\u00e1bado (5), o ministro aposentado do STF (Supremo Tribunal Federal),\u00a0<strong class=\"group-[.isActiveSource]:text-xl group-[.isActiveSource]:font-bold group-[.isActiveSource]:text-xl group-[.isActiveSource]:font-bold\">Marco Aur\u00e9lio Mello, afirmou que a sociedade precisa de uma &#8220;satisfa\u00e7\u00e3o&#8221; em meio \u00e0 crise institucional que a Suprema Corte enfrenta<\/strong>.<\/p>\n<p class=\"my-5 break-words group-[.isActiveSource]:text-xl\" style=\"text-align: justify;\">A crise no STF se intensificou na \u00faltima ter\u00e7a-feira (1\u00ba), ap\u00f3s o ministro Andr\u00e9 Mendon\u00e7a quebrar o sigilo de um relat\u00f3rio da PF (Pol\u00edcia Federal) que mostra trocas de mensagens entre o ministro Alexandre de Moraes e o ex-banqueiro Daniel Vorcaro, antigo dono do extinto Banco Master.<\/p>\n<p class=\"my-5 break-words group-[.isActiveSource]:text-xl\" style=\"text-align: justify;\">A<strong class=\"group-[.isActiveSource]:text-xl group-[.isActiveSource]:font-bold\">\u00a0tens\u00e3o institucional<\/strong>\u00a0ainda atinge o procurador-geral da Rep\u00fablica, Paulo Gonet, e diretor-geral da PF, Andrei Rodrigues, que estariam envolvidos em esquema para conter o avan\u00e7o das investiga\u00e7\u00f5es sobre o banco.<\/p>\n<div id=\"content_2\" class=\"custom__ad__element flex min-h-64 bg-gray-200 justify-center items-center my-4 py-4 bg-[url('\/images\/ad-bg.png')] bg-repeat\" role=\"complementary\" aria-label=\"Publicidade\" data-google-query-id=\"CIP_mPny15YDFe6DYQYdqv8OkQ\">\n<div id=\"google_ads_iframe_\/21920083859\/artigos_politica_2023_3__container__\" style=\"text-align: justify;\">Para o ministro aposentado, a sociedade brasileira precisa de esclarecimentos diante dos acontecimentos rec\u00e9m divulgados, especialmente por parte do Supremo, que classificou como a \u201c\u00faltima trincheira da cidadania\u201d.<\/div>\n<div id=\"notsy_container_365863249\" class=\"CNB_VIDEO_GAM\" data-notsy-container-index=\"1\" data-notsy-mapped-container=\"1\" data-ym-video-prepared=\"\">\n<div id=\"video_71875-container\" class=\"nts-container\" data-mobile=\"0\" data-ym-page=\"page_desktop\" data-html-lang=\"pt-br\">\n<div style=\"text-align: justify;\">Segundo o ministro aposentado, o cen\u00e1rio atual do pa\u00eds \u00e9 marcado por uma \u201cinvers\u00e3o de valores\u201d. Para ele, o\u00a0<strong class=\"group-[.isActiveSource]:text-xl group-[.isActiveSource]:font-bold\">relat\u00f3rio divulgado pela PF<\/strong>\u00a0aponta fatos \u201cseri\u00edssimos\u201d que precisam ser explicados e investigados.<\/div>\n<div>\n<p class=\"my-5 break-words group-[.isActiveSource]:text-xl\" style=\"text-align: justify;\">\u00c0 CNN, Mello ainda afirmou que o ministro Alexandre de Moraes \u201cvem errando a m\u00e3o\u201d em rela\u00e7\u00e3o \u00e0 postura que, segundo ele, deveria ser adotada constitucionalmente.<\/p>\n<p class=\"my-5 break-words group-[.isActiveSource]:text-xl\" style=\"text-align: justify;\">O magistrado aposentado disse estar<strong class=\"group-[.isActiveSource]:text-xl group-[.isActiveSource]:font-bold\">\u00a0arrependido de ter apoiado a indica\u00e7\u00e3o de Moraes<\/strong>\u00a0para o STF.<\/p>\n<p class=\"my-5 break-words group-[.isActiveSource]:text-xl\" style=\"text-align: justify;\"><strong>Relat\u00f3rio da PF<\/strong><\/p>\n<p class=\"my-5 break-words group-[.isActiveSource]:text-xl my-5 break-words group-[.isActiveSource]:text-xl\" style=\"text-align: justify;\">O documento, divulgado pela PF nesta ter\u00e7a-feira (1\u00b0), indica que Vorcaro pedia ao ministro Alexandre de Moraes que atuasse com o diretor-geral da PF, Andrei Rodrigues, e o procurador-geral da Rep\u00fablica, Paulo Gonet, para conter o avan\u00e7o das investiga\u00e7\u00f5es sobre o banco.<\/p>\n<p class=\"my-5 break-words group-[.isActiveSource]:text-xl my-5 break-words group-[.isActiveSource]:text-xl\" style=\"text-align: justify;\">Posteriormente,<strong class=\"group-[.isActiveSource]:text-xl group-[.isActiveSource]:font-bold\">\u00a0Moraes reagiu e usou o chamado inqu\u00e9rito das Fake News para acusar Mendon\u00e7a\u00a0de crimes<\/strong>. O magistrado tamb\u00e9m pede ao presidente da Corte, Edson Fachin, que abra a\u00e7\u00e3o contra o colega.<\/p>\n<p class=\"my-5 break-words group-[.isActiveSource]:text-xl my-5 break-words group-[.isActiveSource]:text-xl\" style=\"text-align: justify;\">Moraes cita diversas suspeitas contra Mendon\u00e7a por usurpa\u00e7\u00e3o da dire\u00e7\u00e3o das investiga\u00e7\u00f5es, condu\u00e7\u00e3o irregular das tratativas de dela\u00e7\u00e3o premiada e direcionamento de investiga\u00e7\u00e3o contra o magistrado.<\/p>\n<p class=\"my-5 break-words group-[.isActiveSource]:text-xl my-5 break-words group-[.isActiveSource]:text-xl\" style=\"text-align: justify;\">As suspeitas t\u00eam como base relat\u00f3rios de intelig\u00eancia da Pol\u00edcia Federal sobre a atua\u00e7\u00e3o de Mendon\u00e7a nas opera\u00e7\u00f5es Sem Desconto, que investiga fraudes relacionadas ao INSS, e Compliance Zero, ligada ao Banco Master.<\/p>\n<\/div>\n<\/div>\n<\/div>\n<\/div>\n<div class=\"gsp_post_data\" \r\n\t            data-post_type=\"post\" \r\n\t            data-cat=\"sem-categoria\" \r\n\t            data-modified=\"120\"\r\n\t            data-created=\"1788616385\"\r\n\t            data-title=\"Mello \u00e0 CNN: &#8220;Precisamos dar uma satisfa\u00e7\u00e3o \u00e0 sociedade, que est\u00e1 perplexa&#8221;\" \r\n\t            data-home=\"https:\/\/zulenealves.com.br\"><\/div>","protected":false},"excerpt":{"rendered":"<p>Em entrevista \u00e0\u00a0CNN Brasil\u00a0na manh\u00e3 deste s\u00e1bado (5), o ministro aposentado do STF (Supremo Tribunal Federal),\u00a0Marco Aur\u00e9lio Mello, afirmou que a sociedade precisa de uma &#8220;satisfa\u00e7\u00e3o&#8221; em meio \u00e0 crise institucional que a Suprema Corte enfrenta. A crise no STF se intensificou na \u00faltima ter\u00e7a-feira (1\u00ba), ap\u00f3s o ministro Andr\u00e9 Mendon\u00e7a quebrar o sigilo de &#8230; <\/p>\n<p class=\"read-more-container\"><a title=\"Mello \u00e0 CNN: &#8220;Precisamos dar uma satisfa\u00e7\u00e3o \u00e0 sociedade, que est\u00e1 perplexa&#8221;\" class=\"read-more button\" href=\"https:\/\/zulenealves.com.br\/index.php\/2026\/09\/05\/mello-a-cnn-precisamos-dar-uma-satisfacao-a-sociedade-que-esta-perplexa\/#more-51665\" aria-label=\"More on Mello \u00e0 CNN: &#8220;Precisamos dar uma satisfa\u00e7\u00e3o \u00e0 sociedade, que est\u00e1 perplexa&#8221;\">Leia mais<\/a><\/p>\n","protected":false},"author":2,"featured_media":0,"comment_status":"closed","ping_status":"closed","sticky":false,"template":"","format":"standard","meta":{"footnotes":""},"categories":[1],"tags":[],"class_list":["post-51665","post","type-post","status-publish","format-standard","hentry","category-sem-categoria"],"yoast_head":"<!-- This site is optimized with the Yoast SEO plugin v28.4 - https:\/\/yoast.com\/product\/yoast-seo-wordpress\/ -->\n<title>Mello \u00e0 CNN: &quot;Precisamos dar uma satisfa\u00e7\u00e3o \u00e0 sociedade, que est\u00e1 perplexa&quot; - Blog Zulene Alves<\/title>\n<meta name=\"robots\" content=\"index, follow, max-snippet:-1, max-image-preview:large, max-video-preview:-1\" \/>\n<link rel=\"canonical\" href=\"https:\/\/zulenealves.com.br\/index.php\/2026\/09\/05\/mello-a-cnn-precisamos-dar-uma-satisfacao-a-sociedade-que-esta-perplexa\/\" \/>\n<meta property=\"og:locale\" content=\"pt_BR\" \/>\n<meta property=\"og:type\" content=\"article\" \/>\n<meta property=\"og:title\" content=\"Mello \u00e0 CNN: &quot;Precisamos dar uma satisfa\u00e7\u00e3o \u00e0 sociedade, que est\u00e1 perplexa&quot; - Blog Zulene Alves\" \/>\n<meta property=\"og:description\" content=\"Em entrevista \u00e0\u00a0CNN Brasil\u00a0na manh\u00e3 deste s\u00e1bado (5), o ministro aposentado do STF (Supremo Tribunal Federal),\u00a0Marco Aur\u00e9lio Mello, afirmou que a sociedade precisa de uma &#8220;satisfa\u00e7\u00e3o&#8221; em meio \u00e0 crise institucional que a Suprema Corte enfrenta. A crise no STF se intensificou na \u00faltima ter\u00e7a-feira (1\u00ba), ap\u00f3s o ministro Andr\u00e9 Mendon\u00e7a quebrar o sigilo de ... Leia mais\" \/>\n<meta property=\"og:url\" content=\"https:\/\/zulenealves.com.br\/index.php\/2026\/09\/05\/mello-a-cnn-precisamos-dar-uma-satisfacao-a-sociedade-que-esta-perplexa\/\" \/>\n<meta property=\"og:site_name\" content=\"Blog Zulene Alves\" \/>\n<meta property=\"article:published_time\" content=\"2026-09-05T16:53:05+00:00\" \/>\n<meta property=\"og:image\" content=\"https:\/\/admin.cnnbrasil.com.br\/wp-content\/uploads\/sites\/12\/2025\/07\/BR_CNN_250725_ZOOM_MARCO_AURELIO_MELLO_frame_24762.jpeg?w=419&amp;h=283&amp;crop=0&amp;quality=90\" \/>\n<meta name=\"author\" content=\"Zulene Alves\" \/>\n<meta name=\"twitter:card\" content=\"summary_large_image\" \/>\n<meta name=\"twitter:label1\" content=\"Escrito por\" \/>\n\t<meta name=\"twitter:data1\" content=\"Zulene Alves\" \/>\n\t<meta name=\"twitter:label2\" content=\"Est. tempo de leitura\" \/>\n\t<meta name=\"twitter:data2\" content=\"3 minutos\" \/>\n<script type=\"application\/ld+json\" class=\"yoast-schema-graph\">{\"@context\":\"https:\\\/\\\/schema.org\",\"@graph\":[{\"@type\":\"Article\",\"@id\":\"https:\\\/\\\/zulenealves.com.br\\\/index.php\\\/2026\\\/09\\\/05\\\/mello-a-cnn-precisamos-dar-uma-satisfacao-a-sociedade-que-esta-perplexa\\\/#article\",\"isPartOf\":{\"@id\":\"https:\\\/\\\/zulenealves.com.br\\\/index.php\\\/2026\\\/09\\\/05\\\/mello-a-cnn-precisamos-dar-uma-satisfacao-a-sociedade-que-esta-perplexa\\\/\"},\"author\":{\"name\":\"Zulene Alves\",\"@id\":\"https:\\\/\\\/zulenealves.com.br\\\/#\\\/schema\\\/person\\\/211b267042952b9d9062603ea5230577\"},\"headline\":\"Mello \u00e0 CNN: &#8220;Precisamos dar uma satisfa\u00e7\u00e3o \u00e0 sociedade, que est\u00e1 perplexa&#8221;\",\"datePublished\":\"2026-09-05T16:53:05+00:00\",\"mainEntityOfPage\":{\"@id\":\"https:\\\/\\\/zulenealves.com.br\\\/index.php\\\/2026\\\/09\\\/05\\\/mello-a-cnn-precisamos-dar-uma-satisfacao-a-sociedade-que-esta-perplexa\\\/\"},\"wordCount\":402,\"image\":{\"@id\":\"https:\\\/\\\/zulenealves.com.br\\\/index.php\\\/2026\\\/09\\\/05\\\/mello-a-cnn-precisamos-dar-uma-satisfacao-a-sociedade-que-esta-perplexa\\\/#primaryimage\"},\"thumbnailUrl\":\"https:\\\/\\\/admin.cnnbrasil.com.br\\\/wp-content\\\/uploads\\\/sites\\\/12\\\/2025\\\/07\\\/BR_CNN_250725_ZOOM_MARCO_AURELIO_MELLO_frame_24762.jpeg?w=419&amp;h=283&amp;crop=0&amp;quality=90\",\"inLanguage\":\"pt-BR\"},{\"@type\":\"WebPage\",\"@id\":\"https:\\\/\\\/zulenealves.com.br\\\/index.php\\\/2026\\\/09\\\/05\\\/mello-a-cnn-precisamos-dar-uma-satisfacao-a-sociedade-que-esta-perplexa\\\/\",\"url\":\"https:\\\/\\\/zulenealves.com.br\\\/index.php\\\/2026\\\/09\\\/05\\\/mello-a-cnn-precisamos-dar-uma-satisfacao-a-sociedade-que-esta-perplexa\\\/\",\"name\":\"Mello \u00e0 CNN: \\\"Precisamos dar uma satisfa\u00e7\u00e3o \u00e0 sociedade, que est\u00e1 perplexa\\\" - Blog Zulene Alves\",\"isPartOf\":{\"@id\":\"https:\\\/\\\/zulenealves.com.br\\\/#website\"},\"primaryImageOfPage\":{\"@id\":\"https:\\\/\\\/zulenealves.com.br\\\/index.php\\\/2026\\\/09\\\/05\\\/mello-a-cnn-precisamos-dar-uma-satisfacao-a-sociedade-que-esta-perplexa\\\/#primaryimage\"},\"image\":{\"@id\":\"https:\\\/\\\/zulenealves.com.br\\\/index.php\\\/2026\\\/09\\\/05\\\/mello-a-cnn-precisamos-dar-uma-satisfacao-a-sociedade-que-esta-perplexa\\\/#primaryimage\"},\"thumbnailUrl\":\"https:\\\/\\\/admin.cnnbrasil.com.br\\\/wp-content\\\/uploads\\\/sites\\\/12\\\/2025\\\/07\\\/BR_CNN_250725_ZOOM_MARCO_AURELIO_MELLO_frame_24762.jpeg?w=419&amp;h=283&amp;crop=0&amp;quality=90\",\"datePublished\":\"2026-09-05T16:53:05+00:00\",\"author\":{\"@id\":\"https:\\\/\\\/zulenealves.com.br\\\/#\\\/schema\\\/person\\\/211b267042952b9d9062603ea5230577\"},\"breadcrumb\":{\"@id\":\"https:\\\/\\\/zulenealves.com.br\\\/index.php\\\/2026\\\/09\\\/05\\\/mello-a-cnn-precisamos-dar-uma-satisfacao-a-sociedade-que-esta-perplexa\\\/#breadcrumb\"},\"inLanguage\":\"pt-BR\",\"potentialAction\":[{\"@type\":\"ReadAction\",\"target\":[\"https:\\\/\\\/zulenealves.com.br\\\/index.php\\\/2026\\\/09\\\/05\\\/mello-a-cnn-precisamos-dar-uma-satisfacao-a-sociedade-que-esta-perplexa\\\/\"]}]},{\"@type\":\"ImageObject\",\"inLanguage\":\"pt-BR\",\"@id\":\"https:\\\/\\\/zulenealves.com.br\\\/index.php\\\/2026\\\/09\\\/05\\\/mello-a-cnn-precisamos-dar-uma-satisfacao-a-sociedade-que-esta-perplexa\\\/#primaryimage\",\"url\":\"https:\\\/\\\/admin.cnnbrasil.com.br\\\/wp-content\\\/uploads\\\/sites\\\/12\\\/2025\\\/07\\\/BR_CNN_250725_ZOOM_MARCO_AURELIO_MELLO_frame_24762.jpeg?w=419&amp;h=283&amp;crop=0&amp;quality=90\",\"contentUrl\":\"https:\\\/\\\/admin.cnnbrasil.com.br\\\/wp-content\\\/uploads\\\/sites\\\/12\\\/2025\\\/07\\\/BR_CNN_250725_ZOOM_MARCO_AURELIO_MELLO_frame_24762.jpeg?w=419&amp;h=283&amp;crop=0&amp;quality=90\"},{\"@type\":\"BreadcrumbList\",\"@id\":\"https:\\\/\\\/zulenealves.com.br\\\/index.php\\\/2026\\\/09\\\/05\\\/mello-a-cnn-precisamos-dar-uma-satisfacao-a-sociedade-que-esta-perplexa\\\/#breadcrumb\",\"itemListElement\":[{\"@type\":\"ListItem\",\"position\":1,\"name\":\"In\u00edcio\",\"item\":\"https:\\\/\\\/zulenealves.com.br\\\/\"},{\"@type\":\"ListItem\",\"position\":2,\"name\":\"Mello \u00e0 CNN: &#8220;Precisamos dar uma satisfa\u00e7\u00e3o \u00e0 sociedade, que est\u00e1 perplexa&#8221;\"}]},{\"@type\":\"WebSite\",\"@id\":\"https:\\\/\\\/zulenealves.com.br\\\/#website\",\"url\":\"https:\\\/\\\/zulenealves.com.br\\\/\",\"name\":\"Blog Zulene Alves\",\"description\":\"\",\"potentialAction\":[{\"@type\":\"SearchAction\",\"target\":{\"@type\":\"EntryPoint\",\"urlTemplate\":\"https:\\\/\\\/zulenealves.com.br\\\/?s={search_term_string}\"},\"query-input\":{\"@type\":\"PropertyValueSpecification\",\"valueRequired\":true,\"valueName\":\"search_term_string\"}}],\"inLanguage\":\"pt-BR\"},{\"@type\":\"Person\",\"@id\":\"https:\\\/\\\/zulenealves.com.br\\\/#\\\/schema\\\/person\\\/211b267042952b9d9062603ea5230577\",\"name\":\"Zulene Alves\",\"image\":{\"@type\":\"ImageObject\",\"inLanguage\":\"pt-BR\",\"@id\":\"https:\\\/\\\/secure.gravatar.com\\\/avatar\\\/6256ae245147d58c317918f3a20dbf75c244838a7b265be12b0edacdedc94737?s=96&d=mm&r=g\",\"url\":\"https:\\\/\\\/secure.gravatar.com\\\/avatar\\\/6256ae245147d58c317918f3a20dbf75c244838a7b265be12b0edacdedc94737?s=96&d=mm&r=g\",\"contentUrl\":\"https:\\\/\\\/secure.gravatar.com\\\/avatar\\\/6256ae245147d58c317918f3a20dbf75c244838a7b265be12b0edacdedc94737?s=96&d=mm&r=g\",\"caption\":\"Zulene Alves\"},\"sameAs\":[\"https:\\\/\\\/zulenealves.com.br\\\/\"],\"url\":\"https:\\\/\\\/zulenealves.com.br\\\/index.php\\\/author\\\/zulene\\\/\"}]}<\/script>\n<!-- \/ Yoast SEO plugin. -->","yoast_head_json":{"title":"Mello \u00e0 CNN: \"Precisamos dar uma satisfa\u00e7\u00e3o \u00e0 sociedade, que est\u00e1 perplexa\" - Blog Zulene Alves","robots":{"index":"index","follow":"follow","max-snippet":"max-snippet:-1","max-image-preview":"max-image-preview:large","max-video-preview":"max-video-preview:-1"},"canonical":"https:\/\/zulenealves.com.br\/index.php\/2026\/09\/05\/mello-a-cnn-precisamos-dar-uma-satisfacao-a-sociedade-que-esta-perplexa\/","og_locale":"pt_BR","og_type":"article","og_title":"Mello \u00e0 CNN: \"Precisamos dar uma satisfa\u00e7\u00e3o \u00e0 sociedade, que est\u00e1 perplexa\" - Blog Zulene Alves","og_description":"Em entrevista \u00e0\u00a0CNN Brasil\u00a0na manh\u00e3 deste s\u00e1bado (5), o ministro aposentado do STF (Supremo Tribunal Federal),\u00a0Marco Aur\u00e9lio Mello, afirmou que a sociedade precisa de uma &#8220;satisfa\u00e7\u00e3o&#8221; em meio \u00e0 crise institucional que a Suprema Corte enfrenta. A crise no STF se intensificou na \u00faltima ter\u00e7a-feira (1\u00ba), ap\u00f3s o ministro Andr\u00e9 Mendon\u00e7a quebrar o sigilo de ... Leia mais","og_url":"https:\/\/zulenealves.com.br\/index.php\/2026\/09\/05\/mello-a-cnn-precisamos-dar-uma-satisfacao-a-sociedade-que-esta-perplexa\/","og_site_name":"Blog Zulene Alves","article_published_time":"2026-09-05T16:53:05+00:00","og_image":[{"url":"https:\/\/admin.cnnbrasil.com.br\/wp-content\/uploads\/sites\/12\/2025\/07\/BR_CNN_250725_ZOOM_MARCO_AURELIO_MELLO_frame_24762.jpeg?w=419&amp;h=283&amp;crop=0&amp;quality=90","type":"","width":"","height":""}],"author":"Zulene Alves","twitter_card":"summary_large_image","twitter_misc":{"Escrito por":"Zulene Alves","Est. tempo de leitura":"3 minutos"},"schema":{"@context":"https:\/\/schema.org","@graph":[{"@type":"Article","@id":"https:\/\/zulenealves.com.br\/index.php\/2026\/09\/05\/mello-a-cnn-precisamos-dar-uma-satisfacao-a-sociedade-que-esta-perplexa\/#article","isPartOf":{"@id":"https:\/\/zulenealves.com.br\/index.php\/2026\/09\/05\/mello-a-cnn-precisamos-dar-uma-satisfacao-a-sociedade-que-esta-perplexa\/"},"author":{"name":"Zulene Alves","@id":"https:\/\/zulenealves.com.br\/#\/schema\/person\/211b267042952b9d9062603ea5230577"},"headline":"Mello \u00e0 CNN: &#8220;Precisamos dar uma satisfa\u00e7\u00e3o \u00e0 sociedade, que est\u00e1 perplexa&#8221;","datePublished":"2026-09-05T16:53:05+00:00","mainEntityOfPage":{"@id":"https:\/\/zulenealves.com.br\/index.php\/2026\/09\/05\/mello-a-cnn-precisamos-dar-uma-satisfacao-a-sociedade-que-esta-perplexa\/"},"wordCount":402,"image":{"@id":"https:\/\/zulenealves.com.br\/index.php\/2026\/09\/05\/mello-a-cnn-precisamos-dar-uma-satisfacao-a-sociedade-que-esta-perplexa\/#primaryimage"},"thumbnailUrl":"https:\/\/admin.cnnbrasil.com.br\/wp-content\/uploads\/sites\/12\/2025\/07\/BR_CNN_250725_ZOOM_MARCO_AURELIO_MELLO_frame_24762.jpeg?w=419&amp;h=283&amp;crop=0&amp;quality=90","inLanguage":"pt-BR"},{"@type":"WebPage","@id":"https:\/\/zulenealves.com.br\/index.php\/2026\/09\/05\/mello-a-cnn-precisamos-dar-uma-satisfacao-a-sociedade-que-esta-perplexa\/","url":"https:\/\/zulenealves.com.br\/index.php\/2026\/09\/05\/mello-a-cnn-precisamos-dar-uma-satisfacao-a-sociedade-que-esta-perplexa\/","name":"Mello \u00e0 CNN: \"Precisamos dar uma satisfa\u00e7\u00e3o \u00e0 sociedade, que est\u00e1 perplexa\" - Blog Zulene Alves","isPartOf":{"@id":"https:\/\/zulenealves.com.br\/#website"},"primaryImageOfPage":{"@id":"https:\/\/zulenealves.com.br\/index.php\/2026\/09\/05\/mello-a-cnn-precisamos-dar-uma-satisfacao-a-sociedade-que-esta-perplexa\/#primaryimage"},"image":{"@id":"https:\/\/zulenealves.com.br\/index.php\/2026\/09\/05\/mello-a-cnn-precisamos-dar-uma-satisfacao-a-sociedade-que-esta-perplexa\/#primaryimage"},"thumbnailUrl":"https:\/\/admin.cnnbrasil.com.br\/wp-content\/uploads\/sites\/12\/2025\/07\/BR_CNN_250725_ZOOM_MARCO_AURELIO_MELLO_frame_24762.jpeg?w=419&amp;h=283&amp;crop=0&amp;quality=90","datePublished":"2026-09-05T16:53:05+00:00","author":{"@id":"https:\/\/zulenealves.com.br\/#\/schema\/person\/211b267042952b9d9062603ea5230577"},"breadcrumb":{"@id":"https:\/\/zulenealves.com.br\/index.php\/2026\/09\/05\/mello-a-cnn-precisamos-dar-uma-satisfacao-a-sociedade-que-esta-perplexa\/#breadcrumb"},"inLanguage":"pt-BR","potentialAction":[{"@type":"ReadAction","target":["https:\/\/zulenealves.com.br\/index.php\/2026\/09\/05\/mello-a-cnn-precisamos-dar-uma-satisfacao-a-sociedade-que-esta-perplexa\/"]}]},{"@type":"ImageObject","inLanguage":"pt-BR","@id":"https:\/\/zulenealves.com.br\/index.php\/2026\/09\/05\/mello-a-cnn-precisamos-dar-uma-satisfacao-a-sociedade-que-esta-perplexa\/#primaryimage","url":"https:\/\/admin.cnnbrasil.com.br\/wp-content\/uploads\/sites\/12\/2025\/07\/BR_CNN_250725_ZOOM_MARCO_AURELIO_MELLO_frame_24762.jpeg?w=419&amp;h=283&amp;crop=0&amp;quality=90","contentUrl":"https:\/\/admin.cnnbrasil.com.br\/wp-content\/uploads\/sites\/12\/2025\/07\/BR_CNN_250725_ZOOM_MARCO_AURELIO_MELLO_frame_24762.jpeg?w=419&amp;h=283&amp;crop=0&amp;quality=90"},{"@type":"BreadcrumbList","@id":"https:\/\/zulenealves.com.br\/index.php\/2026\/09\/05\/mello-a-cnn-precisamos-dar-uma-satisfacao-a-sociedade-que-esta-perplexa\/#breadcrumb","itemListElement":[{"@type":"ListItem","position":1,"name":"In\u00edcio","item":"https:\/\/zulenealves.com.br\/"},{"@type":"ListItem","position":2,"name":"Mello \u00e0 CNN: &#8220;Precisamos dar uma satisfa\u00e7\u00e3o \u00e0 sociedade, que est\u00e1 perplexa&#8221;"}]},{"@type":"WebSite","@id":"https:\/\/zulenealves.com.br\/#website","url":"https:\/\/zulenealves.com.br\/","name":"Blog Zulene Alves","description":"","potentialAction":[{"@type":"SearchAction","target":{"@type":"EntryPoint","urlTemplate":"https:\/\/zulenealves.com.br\/?s={search_term_string}"},"query-input":{"@type":"PropertyValueSpecification","valueRequired":true,"valueName":"search_term_string"}}],"inLanguage":"pt-BR"},{"@type":"Person","@id":"https:\/\/zulenealves.com.br\/#\/schema\/person\/211b267042952b9d9062603ea5230577","name":"Zulene Alves","image":{"@type":"ImageObject","inLanguage":"pt-BR","@id":"https:\/\/secure.gravatar.com\/avatar\/6256ae245147d58c317918f3a20dbf75c244838a7b265be12b0edacdedc94737?s=96&d=mm&r=g","url":"https:\/\/secure.gravatar.com\/avatar\/6256ae245147d58c317918f3a20dbf75c244838a7b265be12b0edacdedc94737?s=96&d=mm&r=g","contentUrl":"https:\/\/secure.gravatar.com\/avatar\/6256ae245147d58c317918f3a20dbf75c244838a7b265be12b0edacdedc94737?s=96&d=mm&r=g","caption":"Zulene Alves"},"sameAs":["https:\/\/zulenealves.com.br\/"],"url":"https:\/\/zulenealves.com.br\/index.php\/author\/zulene\/"}]}},"_links":{"self":[{"href":"https:\/\/zulenealves.com.br\/index.php\/wp-json\/wp\/v2\/posts\/51665","targetHints":{"allow":["GET"]}}],"collection":[{"href":"https:\/\/zulenealves.com.br\/index.php\/wp-json\/wp\/v2\/posts"}],"about":[{"href":"https:\/\/zulenealves.com.br\/index.php\/wp-json\/wp\/v2\/types\/post"}],"author":[{"embeddable":true,"href":"https:\/\/zulenealves.com.br\/index.php\/wp-json\/wp\/v2\/users\/2"}],"replies":[{"embeddable":true,"href":"https:\/\/zulenealves.com.br\/index.php\/wp-json\/wp\/v2\/comments?post=51665"}],"version-history":[{"count":1,"href":"https:\/\/zulenealves.com.br\/index.php\/wp-json\/wp\/v2\/posts\/51665\/revisions"}],"predecessor-version":[{"id":51666,"href":"https:\/\/zulenealves.com.br\/index.php\/wp-json\/wp\/v2\/posts\/51665\/revisions\/51666"}],"wp:attachment":[{"href":"https:\/\/zulenealves.com.br\/index.php\/wp-json\/wp\/v2\/media?parent=51665"}],"wp:term":[{"taxonomy":"category","embeddable":true,"href":"https:\/\/zulenealves.com.br\/index.php\/wp-json\/wp\/v2\/categories?post=51665"},{"taxonomy":"post_tag","embeddable":true,"href":"https:\/\/zulenealves.com.br\/index.php\/wp-json\/wp\/v2\/tags?post=51665"}],"curies":[{"name":"wp","href":"https:\/\/api.w.org\/{rel}","templated":true}]}}