{"id":51667,"date":"2026-09-05T13:57:40","date_gmt":"2026-09-05T16:57:40","guid":{"rendered":"https:\/\/zulenealves.com.br\/?p=51667"},"modified":"2026-09-05T13:57:40","modified_gmt":"2026-09-05T16:57:40","slug":"ap-exata-775-das-mencoes-a-moraes-nas-redes-sao-negativas-3-positivas","status":"publish","type":"post","link":"https:\/\/zulenealves.com.br\/index.php\/2026\/09\/05\/ap-exata-775-das-mencoes-a-moraes-nas-redes-sao-negativas-3-positivas\/","title":{"rendered":"AP Exata: 77,5% das men\u00e7\u00f5es a Moraes nas redes s\u00e3o negativas; 3%, positivas"},"content":{"rendered":"<p><iframe title=\"\u201cO pa\u00eds n\u00e3o quer que o Alexandre de Moraes continue no cargo\u201d, diz especialista sobre pesquisa | WW\" width=\"1200\" height=\"675\" src=\"https:\/\/www.youtube.com\/embed\/Ty65ukXVh1Y?feature=oembed\" frameborder=\"0\" allow=\"accelerometer; autoplay; clipboard-write; encrypted-media; gyroscope; picture-in-picture; web-share\" referrerpolicy=\"strict-origin-when-cross-origin\" allowfullscreen><\/iframe><\/p>\n<p style=\"text-align: justify;\">Uma an\u00e1lise de dados das redes sociais revelou que 77,5% das men\u00e7\u00f5es ao ministro do STF (Supremo Tribunal Federal) Alexandre de Moraes, entre ter\u00e7a-feira (1) e a tarde desta quinta-feira (3), foram de car\u00e1ter negativo. Os dados foram levantados pela AP Exata e apresentados pelo CEO da AP Exata e cientista de dados, Sergio Denicoli, ao\u00a0<strong class=\"group-[.isActiveSource]:text-xl group-[.isActiveSource]:font-bold\">WW<\/strong>.<\/p>\n<p class=\"my-5 break-words group-[.isActiveSource]:text-xl\" style=\"text-align: justify;\">Para o especialista, os dados deixam claro que &#8220;o pa\u00eds n\u00e3o quer mais que o Alexandre esteja naquele cargo&#8221;. Apenas 3% das men\u00e7\u00f5es foram positivas, um percentual considerado por Denicoli como &#8220;praticamente irrelevante&#8221;.<\/p>\n<p class=\"my-5 break-words group-[.isActiveSource]:text-xl\" style=\"text-align: justify;\">A crise no STF se intensificou nesta semana ap\u00f3s o ministro Andr\u00e9 Mendon\u00e7a quebrar o sigilo de um relat\u00f3rio da Pol\u00edcia Federal que revela trocas de mensagens entre Alexandre de Moraes e o ex-banqueiro Daniel Vorcaro.<\/p>\n<p style=\"text-align: justify;\">Moraes ainda n\u00e3o se pronunciou oficialmente sobre as cita\u00e7\u00f5es, mas\u00a0utilizou o inqu\u00e9rito das Fake News\u00a0para acusar Andr\u00e9 Mendon\u00e7a de crimes.<\/p>\n<p style=\"text-align: justify;\">Ao analisar os n\u00fameros, Sergio Denicoli foi categ\u00f3rico em sua avalia\u00e7\u00e3o. &#8220;Alexandre de Moraes est\u00e1 indefens\u00e1vel. Ele perdeu o apoio que tinha de parte da esquerda e, realmente,\u00a0quase 80% de desaprova\u00e7\u00e3o\u00a0mostra que est\u00e1 invi\u00e1vel a situa\u00e7\u00e3o dele&#8221;, afirmou.<\/p>\n<p style=\"text-align: justify;\"><strong>Andr\u00e9 Mendon\u00e7a tamb\u00e9m \u00e9 alvo, mas com din\u00e2mica diferente<\/strong><\/p>\n<p class=\"my-5 break-words group-[.isActiveSource]:text-xl\" style=\"text-align: justify;\">Em contraste, as men\u00e7\u00f5es a Andr\u00e9 Mendon\u00e7a apresentaram uma din\u00e2mica distinta. Segundo os dados analisados, as men\u00e7\u00f5es negativas a Mendon\u00e7a sa\u00edram de 20%, na ter\u00e7a-feira (1), para 32% no momento da an\u00e1lise, enquanto as men\u00e7\u00f5es positivas chegaram a 26%.<\/p>\n<p class=\"my-5 break-words group-[.isActiveSource]:text-xl\" style=\"text-align: justify;\">Denicoli atribuiu esse crescimento simult\u00e2neo de rejei\u00e7\u00e3o e apoio a uma estrat\u00e9gia observada nas redes sociais.<\/p>\n<p class=\"my-5 break-words group-[.isActiveSource]:text-xl\" style=\"text-align: justify;\">&#8220;H\u00e1 uma estrat\u00e9gia clara de muitas pessoas ligadas ao ambiente pol\u00edtico quererem incluir o Andr\u00e9 Mendon\u00e7a nessa\u00a0briga pol\u00edtica, na disputa presidencial&#8221;, explicou, citando narrativas que associam Mendon\u00e7a a uma atua\u00e7\u00e3o em prol da candidatura de Fl\u00e1vio Bolsonaro.<\/p>\n<p class=\"my-5 break-words group-[.isActiveSource]:text-xl\" style=\"text-align: justify;\">O especialista ressaltou que a polariza\u00e7\u00e3o explica em parte os n\u00fameros de Mendon\u00e7a. &#8220;N\u00f3s temos a\u00ed cerca de um ter\u00e7o da popula\u00e7\u00e3o de direita, de esquerda e um ter\u00e7o de centro&#8221;, disse Denicoli, acrescentando que o patamar de 30% de men\u00e7\u00f5es negativas \u00e9 compat\u00edvel com esse cen\u00e1rio de polariza\u00e7\u00e3o.<\/p>\n<p style=\"text-align: justify;\">Para ele, no entanto, o dado mais revelador continua sendo o de Moraes: &#8220;O desejo da popula\u00e7\u00e3o fica muito claro quando a gente olha os dados do Alexandre de Moraes&#8221;, concluiu, classificando o momento como &#8220;uma crise \u00e9tica que n\u00f3s estamos enfrentando hoje no Brasil&#8221;.Para ele, no entanto, o dado mais revelador continua sendo o de Moraes: &#8220;O desejo da popula\u00e7\u00e3o fica muito claro quando a gente olha os dados do Alexandre de Moraes&#8221;, concluiu, classificando o momento como &#8220;uma crise \u00e9tica que n\u00f3s estamos enfrentando hoje no Brasil&#8221;.<\/p>\n<div class=\"gsp_post_data\" \r\n\t            data-post_type=\"post\" \r\n\t            data-cat=\"sem-categoria\" \r\n\t            data-modified=\"120\"\r\n\t            data-created=\"1788616660\"\r\n\t            data-title=\"AP Exata: 77,5% das men\u00e7\u00f5es a Moraes nas redes s\u00e3o negativas; 3%, positivas\" \r\n\t            data-home=\"https:\/\/zulenealves.com.br\"><\/div>","protected":false},"excerpt":{"rendered":"<p>Uma an\u00e1lise de dados das redes sociais revelou que 77,5% das men\u00e7\u00f5es ao ministro do STF (Supremo Tribunal Federal) Alexandre de Moraes, entre ter\u00e7a-feira (1) e a tarde desta quinta-feira (3), foram de car\u00e1ter negativo. Os dados foram levantados pela AP Exata e apresentados pelo CEO da AP Exata e cientista de dados, Sergio Denicoli, &#8230; <\/p>\n<p class=\"read-more-container\"><a title=\"AP Exata: 77,5% das men\u00e7\u00f5es a Moraes nas redes s\u00e3o negativas; 3%, positivas\" class=\"read-more button\" href=\"https:\/\/zulenealves.com.br\/index.php\/2026\/09\/05\/ap-exata-775-das-mencoes-a-moraes-nas-redes-sao-negativas-3-positivas\/#more-51667\" aria-label=\"More on AP Exata: 77,5% das men\u00e7\u00f5es a Moraes nas redes s\u00e3o negativas; 3%, positivas\">Leia mais<\/a><\/p>\n","protected":false},"author":2,"featured_media":0,"comment_status":"closed","ping_status":"closed","sticky":false,"template":"","format":"standard","meta":{"footnotes":""},"categories":[1],"tags":[],"class_list":["post-51667","post","type-post","status-publish","format-standard","hentry","category-sem-categoria"],"yoast_head":"<!-- This site is optimized with the Yoast SEO plugin v28.4 - https:\/\/yoast.com\/product\/yoast-seo-wordpress\/ -->\n<title>AP Exata: 77,5% das men\u00e7\u00f5es a Moraes nas redes s\u00e3o negativas; 3%, positivas - Blog Zulene Alves<\/title>\n<meta name=\"robots\" content=\"index, follow, max-snippet:-1, max-image-preview:large, max-video-preview:-1\" \/>\n<link rel=\"canonical\" href=\"https:\/\/zulenealves.com.br\/index.php\/2026\/09\/05\/ap-exata-775-das-mencoes-a-moraes-nas-redes-sao-negativas-3-positivas\/\" \/>\n<meta property=\"og:locale\" content=\"pt_BR\" \/>\n<meta property=\"og:type\" content=\"article\" \/>\n<meta property=\"og:title\" content=\"AP Exata: 77,5% das men\u00e7\u00f5es a Moraes nas redes s\u00e3o negativas; 3%, positivas - Blog Zulene Alves\" \/>\n<meta property=\"og:description\" content=\"Uma an\u00e1lise de dados das redes sociais revelou que 77,5% das men\u00e7\u00f5es ao ministro do STF (Supremo Tribunal Federal) Alexandre de Moraes, entre ter\u00e7a-feira (1) e a tarde desta quinta-feira (3), foram de car\u00e1ter negativo. Os dados foram levantados pela AP Exata e apresentados pelo CEO da AP Exata e cientista de dados, Sergio Denicoli, ... Leia mais\" \/>\n<meta property=\"og:url\" content=\"https:\/\/zulenealves.com.br\/index.php\/2026\/09\/05\/ap-exata-775-das-mencoes-a-moraes-nas-redes-sao-negativas-3-positivas\/\" \/>\n<meta property=\"og:site_name\" content=\"Blog Zulene Alves\" \/>\n<meta property=\"article:published_time\" content=\"2026-09-05T16:57:40+00:00\" \/>\n<meta name=\"author\" content=\"Zulene Alves\" \/>\n<meta name=\"twitter:card\" content=\"summary_large_image\" \/>\n<meta name=\"twitter:label1\" content=\"Escrito por\" \/>\n\t<meta name=\"twitter:data1\" content=\"Zulene Alves\" \/>\n\t<meta name=\"twitter:label2\" content=\"Est. tempo de leitura\" \/>\n\t<meta name=\"twitter:data2\" content=\"3 minutos\" \/>\n<script type=\"application\/ld+json\" class=\"yoast-schema-graph\">{\"@context\":\"https:\\\/\\\/schema.org\",\"@graph\":[{\"@type\":\"Article\",\"@id\":\"https:\\\/\\\/zulenealves.com.br\\\/index.php\\\/2026\\\/09\\\/05\\\/ap-exata-775-das-mencoes-a-moraes-nas-redes-sao-negativas-3-positivas\\\/#article\",\"isPartOf\":{\"@id\":\"https:\\\/\\\/zulenealves.com.br\\\/index.php\\\/2026\\\/09\\\/05\\\/ap-exata-775-das-mencoes-a-moraes-nas-redes-sao-negativas-3-positivas\\\/\"},\"author\":{\"name\":\"Zulene Alves\",\"@id\":\"https:\\\/\\\/zulenealves.com.br\\\/#\\\/schema\\\/person\\\/211b267042952b9d9062603ea5230577\"},\"headline\":\"AP Exata: 77,5% das men\u00e7\u00f5es a Moraes nas redes s\u00e3o negativas; 3%, positivas\",\"datePublished\":\"2026-09-05T16:57:40+00:00\",\"mainEntityOfPage\":{\"@id\":\"https:\\\/\\\/zulenealves.com.br\\\/index.php\\\/2026\\\/09\\\/05\\\/ap-exata-775-das-mencoes-a-moraes-nas-redes-sao-negativas-3-positivas\\\/\"},\"wordCount\":498,\"inLanguage\":\"pt-BR\"},{\"@type\":\"WebPage\",\"@id\":\"https:\\\/\\\/zulenealves.com.br\\\/index.php\\\/2026\\\/09\\\/05\\\/ap-exata-775-das-mencoes-a-moraes-nas-redes-sao-negativas-3-positivas\\\/\",\"url\":\"https:\\\/\\\/zulenealves.com.br\\\/index.php\\\/2026\\\/09\\\/05\\\/ap-exata-775-das-mencoes-a-moraes-nas-redes-sao-negativas-3-positivas\\\/\",\"name\":\"AP Exata: 77,5% das men\u00e7\u00f5es a Moraes nas redes s\u00e3o negativas; 3%, positivas - Blog Zulene Alves\",\"isPartOf\":{\"@id\":\"https:\\\/\\\/zulenealves.com.br\\\/#website\"},\"datePublished\":\"2026-09-05T16:57:40+00:00\",\"author\":{\"@id\":\"https:\\\/\\\/zulenealves.com.br\\\/#\\\/schema\\\/person\\\/211b267042952b9d9062603ea5230577\"},\"breadcrumb\":{\"@id\":\"https:\\\/\\\/zulenealves.com.br\\\/index.php\\\/2026\\\/09\\\/05\\\/ap-exata-775-das-mencoes-a-moraes-nas-redes-sao-negativas-3-positivas\\\/#breadcrumb\"},\"inLanguage\":\"pt-BR\",\"potentialAction\":[{\"@type\":\"ReadAction\",\"target\":[\"https:\\\/\\\/zulenealves.com.br\\\/index.php\\\/2026\\\/09\\\/05\\\/ap-exata-775-das-mencoes-a-moraes-nas-redes-sao-negativas-3-positivas\\\/\"]}]},{\"@type\":\"BreadcrumbList\",\"@id\":\"https:\\\/\\\/zulenealves.com.br\\\/index.php\\\/2026\\\/09\\\/05\\\/ap-exata-775-das-mencoes-a-moraes-nas-redes-sao-negativas-3-positivas\\\/#breadcrumb\",\"itemListElement\":[{\"@type\":\"ListItem\",\"position\":1,\"name\":\"In\u00edcio\",\"item\":\"https:\\\/\\\/zulenealves.com.br\\\/\"},{\"@type\":\"ListItem\",\"position\":2,\"name\":\"AP Exata: 77,5% das men\u00e7\u00f5es a Moraes nas redes s\u00e3o negativas; 3%, positivas\"}]},{\"@type\":\"WebSite\",\"@id\":\"https:\\\/\\\/zulenealves.com.br\\\/#website\",\"url\":\"https:\\\/\\\/zulenealves.com.br\\\/\",\"name\":\"Blog Zulene Alves\",\"description\":\"\",\"potentialAction\":[{\"@type\":\"SearchAction\",\"target\":{\"@type\":\"EntryPoint\",\"urlTemplate\":\"https:\\\/\\\/zulenealves.com.br\\\/?s={search_term_string}\"},\"query-input\":{\"@type\":\"PropertyValueSpecification\",\"valueRequired\":true,\"valueName\":\"search_term_string\"}}],\"inLanguage\":\"pt-BR\"},{\"@type\":\"Person\",\"@id\":\"https:\\\/\\\/zulenealves.com.br\\\/#\\\/schema\\\/person\\\/211b267042952b9d9062603ea5230577\",\"name\":\"Zulene Alves\",\"image\":{\"@type\":\"ImageObject\",\"inLanguage\":\"pt-BR\",\"@id\":\"https:\\\/\\\/secure.gravatar.com\\\/avatar\\\/6256ae245147d58c317918f3a20dbf75c244838a7b265be12b0edacdedc94737?s=96&d=mm&r=g\",\"url\":\"https:\\\/\\\/secure.gravatar.com\\\/avatar\\\/6256ae245147d58c317918f3a20dbf75c244838a7b265be12b0edacdedc94737?s=96&d=mm&r=g\",\"contentUrl\":\"https:\\\/\\\/secure.gravatar.com\\\/avatar\\\/6256ae245147d58c317918f3a20dbf75c244838a7b265be12b0edacdedc94737?s=96&d=mm&r=g\",\"caption\":\"Zulene Alves\"},\"sameAs\":[\"https:\\\/\\\/zulenealves.com.br\\\/\"],\"url\":\"https:\\\/\\\/zulenealves.com.br\\\/index.php\\\/author\\\/zulene\\\/\"}]}<\/script>\n<!-- \/ Yoast SEO plugin. -->","yoast_head_json":{"title":"AP Exata: 77,5% das men\u00e7\u00f5es a Moraes nas redes s\u00e3o negativas; 3%, positivas - Blog Zulene Alves","robots":{"index":"index","follow":"follow","max-snippet":"max-snippet:-1","max-image-preview":"max-image-preview:large","max-video-preview":"max-video-preview:-1"},"canonical":"https:\/\/zulenealves.com.br\/index.php\/2026\/09\/05\/ap-exata-775-das-mencoes-a-moraes-nas-redes-sao-negativas-3-positivas\/","og_locale":"pt_BR","og_type":"article","og_title":"AP Exata: 77,5% das men\u00e7\u00f5es a Moraes nas redes s\u00e3o negativas; 3%, positivas - Blog Zulene Alves","og_description":"Uma an\u00e1lise de dados das redes sociais revelou que 77,5% das men\u00e7\u00f5es ao ministro do STF (Supremo Tribunal Federal) Alexandre de Moraes, entre ter\u00e7a-feira (1) e a tarde desta quinta-feira (3), foram de car\u00e1ter negativo. Os dados foram levantados pela AP Exata e apresentados pelo CEO da AP Exata e cientista de dados, Sergio Denicoli, ... Leia mais","og_url":"https:\/\/zulenealves.com.br\/index.php\/2026\/09\/05\/ap-exata-775-das-mencoes-a-moraes-nas-redes-sao-negativas-3-positivas\/","og_site_name":"Blog Zulene Alves","article_published_time":"2026-09-05T16:57:40+00:00","author":"Zulene Alves","twitter_card":"summary_large_image","twitter_misc":{"Escrito por":"Zulene Alves","Est. tempo de leitura":"3 minutos"},"schema":{"@context":"https:\/\/schema.org","@graph":[{"@type":"Article","@id":"https:\/\/zulenealves.com.br\/index.php\/2026\/09\/05\/ap-exata-775-das-mencoes-a-moraes-nas-redes-sao-negativas-3-positivas\/#article","isPartOf":{"@id":"https:\/\/zulenealves.com.br\/index.php\/2026\/09\/05\/ap-exata-775-das-mencoes-a-moraes-nas-redes-sao-negativas-3-positivas\/"},"author":{"name":"Zulene Alves","@id":"https:\/\/zulenealves.com.br\/#\/schema\/person\/211b267042952b9d9062603ea5230577"},"headline":"AP Exata: 77,5% das men\u00e7\u00f5es a Moraes nas redes s\u00e3o negativas; 3%, positivas","datePublished":"2026-09-05T16:57:40+00:00","mainEntityOfPage":{"@id":"https:\/\/zulenealves.com.br\/index.php\/2026\/09\/05\/ap-exata-775-das-mencoes-a-moraes-nas-redes-sao-negativas-3-positivas\/"},"wordCount":498,"inLanguage":"pt-BR"},{"@type":"WebPage","@id":"https:\/\/zulenealves.com.br\/index.php\/2026\/09\/05\/ap-exata-775-das-mencoes-a-moraes-nas-redes-sao-negativas-3-positivas\/","url":"https:\/\/zulenealves.com.br\/index.php\/2026\/09\/05\/ap-exata-775-das-mencoes-a-moraes-nas-redes-sao-negativas-3-positivas\/","name":"AP Exata: 77,5% das men\u00e7\u00f5es a Moraes nas redes s\u00e3o negativas; 3%, positivas - Blog Zulene Alves","isPartOf":{"@id":"https:\/\/zulenealves.com.br\/#website"},"datePublished":"2026-09-05T16:57:40+00:00","author":{"@id":"https:\/\/zulenealves.com.br\/#\/schema\/person\/211b267042952b9d9062603ea5230577"},"breadcrumb":{"@id":"https:\/\/zulenealves.com.br\/index.php\/2026\/09\/05\/ap-exata-775-das-mencoes-a-moraes-nas-redes-sao-negativas-3-positivas\/#breadcrumb"},"inLanguage":"pt-BR","potentialAction":[{"@type":"ReadAction","target":["https:\/\/zulenealves.com.br\/index.php\/2026\/09\/05\/ap-exata-775-das-mencoes-a-moraes-nas-redes-sao-negativas-3-positivas\/"]}]},{"@type":"BreadcrumbList","@id":"https:\/\/zulenealves.com.br\/index.php\/2026\/09\/05\/ap-exata-775-das-mencoes-a-moraes-nas-redes-sao-negativas-3-positivas\/#breadcrumb","itemListElement":[{"@type":"ListItem","position":1,"name":"In\u00edcio","item":"https:\/\/zulenealves.com.br\/"},{"@type":"ListItem","position":2,"name":"AP Exata: 77,5% das men\u00e7\u00f5es a Moraes nas redes s\u00e3o negativas; 3%, positivas"}]},{"@type":"WebSite","@id":"https:\/\/zulenealves.com.br\/#website","url":"https:\/\/zulenealves.com.br\/","name":"Blog Zulene Alves","description":"","potentialAction":[{"@type":"SearchAction","target":{"@type":"EntryPoint","urlTemplate":"https:\/\/zulenealves.com.br\/?s={search_term_string}"},"query-input":{"@type":"PropertyValueSpecification","valueRequired":true,"valueName":"search_term_string"}}],"inLanguage":"pt-BR"},{"@type":"Person","@id":"https:\/\/zulenealves.com.br\/#\/schema\/person\/211b267042952b9d9062603ea5230577","name":"Zulene Alves","image":{"@type":"ImageObject","inLanguage":"pt-BR","@id":"https:\/\/secure.gravatar.com\/avatar\/6256ae245147d58c317918f3a20dbf75c244838a7b265be12b0edacdedc94737?s=96&d=mm&r=g","url":"https:\/\/secure.gravatar.com\/avatar\/6256ae245147d58c317918f3a20dbf75c244838a7b265be12b0edacdedc94737?s=96&d=mm&r=g","contentUrl":"https:\/\/secure.gravatar.com\/avatar\/6256ae245147d58c317918f3a20dbf75c244838a7b265be12b0edacdedc94737?s=96&d=mm&r=g","caption":"Zulene Alves"},"sameAs":["https:\/\/zulenealves.com.br\/"],"url":"https:\/\/zulenealves.com.br\/index.php\/author\/zulene\/"}]}},"_links":{"self":[{"href":"https:\/\/zulenealves.com.br\/index.php\/wp-json\/wp\/v2\/posts\/51667","targetHints":{"allow":["GET"]}}],"collection":[{"href":"https:\/\/zulenealves.com.br\/index.php\/wp-json\/wp\/v2\/posts"}],"about":[{"href":"https:\/\/zulenealves.com.br\/index.php\/wp-json\/wp\/v2\/types\/post"}],"author":[{"embeddable":true,"href":"https:\/\/zulenealves.com.br\/index.php\/wp-json\/wp\/v2\/users\/2"}],"replies":[{"embeddable":true,"href":"https:\/\/zulenealves.com.br\/index.php\/wp-json\/wp\/v2\/comments?post=51667"}],"version-history":[{"count":1,"href":"https:\/\/zulenealves.com.br\/index.php\/wp-json\/wp\/v2\/posts\/51667\/revisions"}],"predecessor-version":[{"id":51668,"href":"https:\/\/zulenealves.com.br\/index.php\/wp-json\/wp\/v2\/posts\/51667\/revisions\/51668"}],"wp:attachment":[{"href":"https:\/\/zulenealves.com.br\/index.php\/wp-json\/wp\/v2\/media?parent=51667"}],"wp:term":[{"taxonomy":"category","embeddable":true,"href":"https:\/\/zulenealves.com.br\/index.php\/wp-json\/wp\/v2\/categories?post=51667"},{"taxonomy":"post_tag","embeddable":true,"href":"https:\/\/zulenealves.com.br\/index.php\/wp-json\/wp\/v2\/tags?post=51667"}],"curies":[{"name":"wp","href":"https:\/\/api.w.org\/{rel}","templated":true}]}}