{"id":51674,"date":"2026-09-05T16:00:32","date_gmt":"2026-09-05T19:00:32","guid":{"rendered":"https:\/\/zulenealves.com.br\/?p=51674"},"modified":"2026-09-05T17:50:32","modified_gmt":"2026-09-05T20:50:32","slug":"no-agreste-joao-campos-reforca-promessas-para-agua-infraestrutura-e-confeccoes","status":"publish","type":"post","link":"https:\/\/zulenealves.com.br\/index.php\/2026\/09\/05\/no-agreste-joao-campos-reforca-promessas-para-agua-infraestrutura-e-confeccoes\/","title":{"rendered":"No Agreste, Jo\u00e3o Campos refor\u00e7a promessas para \u00e1gua, infraestrutura e confec\u00e7\u00f5es"},"content":{"rendered":"<figure style=\"width: 605px\" class=\"wp-caption aligncenter\"><img fetchpriority=\"high\" decoding=\"async\" class=\"image w-full h-auto type:primaryImage\" title=\"Em Vertentes, candidato direcionou o discurso ao polo de confec\u00e7\u00f5es do Agreste e prometeu investimentos em capacita\u00e7\u00e3o e infraestrutura para o setor (Foto: Marlon Diego)\" src=\"https:\/\/www.diariodepernambuco.com.br\/_midias\/jpg\/2026\/09\/05\/1200x800\/1_joao_agenda_de_sabado_05-952089.jpg\" alt=\"Em Vertentes, candidato direcionou o discurso ao polo de confec\u00e7\u00f5es do Agreste e prometeu investimentos em capacita\u00e7\u00e3o e infraestrutura para o setor\/Foto: Marlon Diego\" width=\"615\" height=\"410\" data-src=\"https:\/\/www.diariodepernambuco.com.br\/_midias\/jpg\/2026\/09\/05\/1200x800\/1_joao_agenda_de_sabado_05-952089.jpg\" \/><figcaption class=\"wp-caption-text\">Em Vertentes, candidato direcionou o discurso ao polo de confec\u00e7\u00f5es do Agreste e prometeu investimentos em capacita\u00e7\u00e3o e infraestrutura para o setor (Foto: Marlon Diego)<\/figcaption><\/figure>\n<p style=\"text-align: justify;\"><strong><em>Primeira parada foi em Lagoa dos Gatos, onde Jo\u00e3o caminhou pela feira livre e conversou com moradores e comerciantes<\/em> <\/strong><\/p>\n<p class=\"texto\" style=\"text-align: justify;\">O candidato ao Governo de Pernambuco Jo\u00e3o Campos (PSB) concentrou a agenda de campanha da manh\u00e3 deste s\u00e1bado (5) no Agreste. Em passagens por Lagoa dos Gatos e Vertentes, o socialista percorreu feiras livres, participou de uma carreata e refor\u00e7ou promessas voltadas ao abastecimento de \u00e1gua, \u00e0 infraestrutura e \u00e0 qualifica\u00e7\u00e3o profissional.<\/p>\n<p class=\"texto\" style=\"text-align: justify;\">A primeira parada foi em Lagoa dos Gatos, onde Jo\u00e3o caminhou pela feira livre e conversou com moradores e comerciantes. No munic\u00edpio, o candidato prometeu investimentos em abastecimento de \u00e1gua, estradas e educa\u00e7\u00e3o profissional e afirmou que pretende estabelecer uma rela\u00e7\u00e3o de parceria com as prefeituras do interior caso seja eleito.<\/p>\n<p class=\"texto\" style=\"text-align: justify;\">\u201cA partir do ano que vem, voc\u00eas v\u00e3o ter um governador amigo, aliado, que vai fazer o mesmo por essa terra. Vamos trazer abastecimento de \u00e1gua, obras de infraestrutura, estrada, escola t\u00e9cnica, porque voc\u00eas v\u00e3o ver: o povo vai ser bem cuidado, como eu fiz no Recife. Chegou a hora de fazer em Pernambuco\u201d, declarou.<\/p>\n<p class=\"texto\" style=\"text-align: justify;\">Jo\u00e3o tamb\u00e9m voltou a defender a isen\u00e7\u00e3o do Imposto sobre a Propriedade de Ve\u00edculos Automotores (<strong><a href=\"https:\/\/www.sefaz.pe.gov.br\/Servicos\/IPVA\/Paginas\/Parcelamento-de-IPVA.aspx\" target=\"_blank\" rel=\"noopener\">IPVA<\/a><\/strong>) para motocicletas de at\u00e9 180 cilindradas, uma das propostas apresentadas durante a campanha.<\/p>\n<p class=\"texto\" style=\"text-align: justify;\">\u201cA partir do ano que vem, moto de at\u00e9 180 cilindradas vai ter o IPVA zerado\u201d, afirmou.<\/p>\n<p class=\"texto\" style=\"text-align: justify;\">Durante o ato, o ex-prefeito do Recife ainda refor\u00e7ou a vincula\u00e7\u00e3o de sua candidatura ao presidente <strong><a href=\"https:\/\/www.diariodepernambuco.com.br\/politica\/2026\/09\/11723196-pode-vir-o-americano-que-quiser-jamais-ele-ganhara-de-um-pernambucano-diz-lula.html\" target=\"_blank\" rel=\"noopener\">Luiz In\u00e1cio Lula da Silva <\/a><\/strong>(PT). \u201cAqui \u00e9 o time de Lula, \u00e9 o time de Jo\u00e3o, \u00e9 o time que tem compromisso com o nosso Estado\u201d, disse.<\/p>\n<p class=\"texto\" style=\"text-align: justify;\"><strong>Polo de confec\u00e7\u00f5es<\/strong><!--more--><\/p>\n<p class=\"texto\" style=\"text-align: justify;\">De Lagoa dos Gatos, Jo\u00e3o seguiu para Vertentes, onde tamb\u00e9m percorreu a feira livre antes de participar de uma carreata pelas ruas da cidade. No munic\u00edpio, o candidato direcionou o discurso ao polo de confec\u00e7\u00f5es do Agreste e prometeu investimentos em capacita\u00e7\u00e3o e infraestrutura para o setor.<\/p>\n<p class=\"texto\" style=\"text-align: justify;\">\u201cVamos ter um investimento forte no nosso polo de confec\u00e7\u00f5es, realizando parcerias e focando na capacita\u00e7\u00e3o. Al\u00e9m disso, vamos realizar tamb\u00e9m um grande investimento em infraestrutura que ajudar\u00e1 muito na log\u00edstica\u201d, afirmou.<\/p>\n<p class=\"texto\" style=\"text-align: justify;\">A passagem por Vertentes contou com a participa\u00e7\u00e3o do presidente municipal do PSB, Zito Barros, e dos candidatos Felipe Carreras (PSB), a deputado federal, e Diogo Moraes, a deputado estadual.<\/p>\n<p class=\"texto\" style=\"text-align: justify;\">Tamb\u00e9m participaram das duas agendas o candidato a vice-governador na chapa de Jo\u00e3o, Carlos Costa (Republicanos), e os candidatos ao Senado Humberto Costa (PT) e Mar\u00edlia Arraes (PDT).<\/p>\n<p style=\"text-align: justify;\"><a class=\"hover:underline\" title=\"Mais de Alexandre Cunha\" href=\"https:\/\/www.diariodepernambuco.com.br\/autor\/alexandre-cunha\/\">Por Alexandre Cunha<\/a><\/p>\n<div class=\"gsp_post_data\" \r\n\t            data-post_type=\"post\" \r\n\t            data-cat=\"politica\" \r\n\t            data-modified=\"120\"\r\n\t            data-created=\"1788624032\"\r\n\t            data-title=\"No Agreste, Jo\u00e3o Campos refor\u00e7a promessas para \u00e1gua, infraestrutura e confec\u00e7\u00f5es\" \r\n\t            data-home=\"https:\/\/zulenealves.com.br\"><\/div>","protected":false},"excerpt":{"rendered":"<p>Primeira parada foi em Lagoa dos Gatos, onde Jo\u00e3o caminhou pela feira livre e conversou com moradores e comerciantes O candidato ao Governo de Pernambuco Jo\u00e3o Campos (PSB) concentrou a agenda de campanha da manh\u00e3 deste s\u00e1bado (5) no Agreste. Em passagens por Lagoa dos Gatos e Vertentes, o socialista percorreu feiras livres, participou de &#8230; <\/p>\n<p class=\"read-more-container\"><a title=\"No Agreste, Jo\u00e3o Campos refor\u00e7a promessas para \u00e1gua, infraestrutura e confec\u00e7\u00f5es\" class=\"read-more button\" href=\"https:\/\/zulenealves.com.br\/index.php\/2026\/09\/05\/no-agreste-joao-campos-reforca-promessas-para-agua-infraestrutura-e-confeccoes\/#more-51674\" aria-label=\"More on No Agreste, Jo\u00e3o Campos refor\u00e7a promessas para \u00e1gua, infraestrutura e confec\u00e7\u00f5es\">Leia mais<\/a><\/p>\n","protected":false},"author":1,"featured_media":0,"comment_status":"closed","ping_status":"closed","sticky":false,"template":"","format":"standard","meta":{"footnotes":""},"categories":[12],"tags":[],"class_list":["post-51674","post","type-post","status-publish","format-standard","hentry","category-politica"],"yoast_head":"<!-- This site is optimized with the Yoast SEO plugin v28.4 - https:\/\/yoast.com\/product\/yoast-seo-wordpress\/ -->\n<title>No Agreste, Jo\u00e3o Campos refor\u00e7a promessas para \u00e1gua, infraestrutura e confec\u00e7\u00f5es - Blog Zulene Alves<\/title>\n<meta name=\"robots\" content=\"index, follow, max-snippet:-1, max-image-preview:large, max-video-preview:-1\" \/>\n<link rel=\"canonical\" href=\"https:\/\/zulenealves.com.br\/index.php\/2026\/09\/05\/no-agreste-joao-campos-reforca-promessas-para-agua-infraestrutura-e-confeccoes\/\" \/>\n<meta property=\"og:locale\" content=\"pt_BR\" \/>\n<meta property=\"og:type\" content=\"article\" \/>\n<meta property=\"og:title\" content=\"No Agreste, Jo\u00e3o Campos refor\u00e7a promessas para \u00e1gua, infraestrutura e confec\u00e7\u00f5es - Blog Zulene Alves\" \/>\n<meta property=\"og:description\" content=\"Primeira parada foi em Lagoa dos Gatos, onde Jo\u00e3o caminhou pela feira livre e conversou com moradores e comerciantes O candidato ao Governo de Pernambuco Jo\u00e3o Campos (PSB) concentrou a agenda de campanha da manh\u00e3 deste s\u00e1bado (5) no Agreste. Em passagens por Lagoa dos Gatos e Vertentes, o socialista percorreu feiras livres, participou de ... Leia mais\" \/>\n<meta property=\"og:url\" content=\"https:\/\/zulenealves.com.br\/index.php\/2026\/09\/05\/no-agreste-joao-campos-reforca-promessas-para-agua-infraestrutura-e-confeccoes\/\" \/>\n<meta property=\"og:site_name\" content=\"Blog Zulene Alves\" \/>\n<meta property=\"article:published_time\" content=\"2026-09-05T19:00:32+00:00\" \/>\n<meta property=\"article:modified_time\" content=\"2026-09-05T20:50:32+00:00\" \/>\n<meta property=\"og:image\" content=\"https:\/\/www.diariodepernambuco.com.br\/_midias\/jpg\/2026\/09\/05\/1200x800\/1_joao_agenda_de_sabado_05-952089.jpg\" \/>\n<meta name=\"author\" content=\"zulenealves\" \/>\n<meta name=\"twitter:card\" content=\"summary_large_image\" \/>\n<meta name=\"twitter:label1\" content=\"Escrito por\" \/>\n\t<meta name=\"twitter:data1\" content=\"zulenealves\" \/>\n\t<meta name=\"twitter:label2\" content=\"Est. tempo de leitura\" \/>\n\t<meta name=\"twitter:data2\" content=\"3 minutos\" \/>\n<script type=\"application\/ld+json\" class=\"yoast-schema-graph\">{\"@context\":\"https:\\\/\\\/schema.org\",\"@graph\":[{\"@type\":\"Article\",\"@id\":\"https:\\\/\\\/zulenealves.com.br\\\/index.php\\\/2026\\\/09\\\/05\\\/no-agreste-joao-campos-reforca-promessas-para-agua-infraestrutura-e-confeccoes\\\/#article\",\"isPartOf\":{\"@id\":\"https:\\\/\\\/zulenealves.com.br\\\/index.php\\\/2026\\\/09\\\/05\\\/no-agreste-joao-campos-reforca-promessas-para-agua-infraestrutura-e-confeccoes\\\/\"},\"author\":{\"name\":\"zulenealves\",\"@id\":\"https:\\\/\\\/zulenealves.com.br\\\/#\\\/schema\\\/person\\\/4076c08f761164e658f6461c6b0316ef\"},\"headline\":\"No Agreste, Jo\u00e3o Campos refor\u00e7a promessas para \u00e1gua, infraestrutura e confec\u00e7\u00f5es\",\"datePublished\":\"2026-09-05T19:00:32+00:00\",\"dateModified\":\"2026-09-05T20:50:32+00:00\",\"mainEntityOfPage\":{\"@id\":\"https:\\\/\\\/zulenealves.com.br\\\/index.php\\\/2026\\\/09\\\/05\\\/no-agreste-joao-campos-reforca-promessas-para-agua-infraestrutura-e-confeccoes\\\/\"},\"wordCount\":486,\"image\":{\"@id\":\"https:\\\/\\\/zulenealves.com.br\\\/index.php\\\/2026\\\/09\\\/05\\\/no-agreste-joao-campos-reforca-promessas-para-agua-infraestrutura-e-confeccoes\\\/#primaryimage\"},\"thumbnailUrl\":\"https:\\\/\\\/www.diariodepernambuco.com.br\\\/_midias\\\/jpg\\\/2026\\\/09\\\/05\\\/1200x800\\\/1_joao_agenda_de_sabado_05-952089.jpg\",\"articleSection\":[\"Pol\u00edtica\"],\"inLanguage\":\"pt-BR\"},{\"@type\":\"WebPage\",\"@id\":\"https:\\\/\\\/zulenealves.com.br\\\/index.php\\\/2026\\\/09\\\/05\\\/no-agreste-joao-campos-reforca-promessas-para-agua-infraestrutura-e-confeccoes\\\/\",\"url\":\"https:\\\/\\\/zulenealves.com.br\\\/index.php\\\/2026\\\/09\\\/05\\\/no-agreste-joao-campos-reforca-promessas-para-agua-infraestrutura-e-confeccoes\\\/\",\"name\":\"No Agreste, Jo\u00e3o Campos refor\u00e7a promessas para \u00e1gua, infraestrutura e confec\u00e7\u00f5es - Blog Zulene Alves\",\"isPartOf\":{\"@id\":\"https:\\\/\\\/zulenealves.com.br\\\/#website\"},\"primaryImageOfPage\":{\"@id\":\"https:\\\/\\\/zulenealves.com.br\\\/index.php\\\/2026\\\/09\\\/05\\\/no-agreste-joao-campos-reforca-promessas-para-agua-infraestrutura-e-confeccoes\\\/#primaryimage\"},\"image\":{\"@id\":\"https:\\\/\\\/zulenealves.com.br\\\/index.php\\\/2026\\\/09\\\/05\\\/no-agreste-joao-campos-reforca-promessas-para-agua-infraestrutura-e-confeccoes\\\/#primaryimage\"},\"thumbnailUrl\":\"https:\\\/\\\/www.diariodepernambuco.com.br\\\/_midias\\\/jpg\\\/2026\\\/09\\\/05\\\/1200x800\\\/1_joao_agenda_de_sabado_05-952089.jpg\",\"datePublished\":\"2026-09-05T19:00:32+00:00\",\"dateModified\":\"2026-09-05T20:50:32+00:00\",\"author\":{\"@id\":\"https:\\\/\\\/zulenealves.com.br\\\/#\\\/schema\\\/person\\\/4076c08f761164e658f6461c6b0316ef\"},\"breadcrumb\":{\"@id\":\"https:\\\/\\\/zulenealves.com.br\\\/index.php\\\/2026\\\/09\\\/05\\\/no-agreste-joao-campos-reforca-promessas-para-agua-infraestrutura-e-confeccoes\\\/#breadcrumb\"},\"inLanguage\":\"pt-BR\",\"potentialAction\":[{\"@type\":\"ReadAction\",\"target\":[\"https:\\\/\\\/zulenealves.com.br\\\/index.php\\\/2026\\\/09\\\/05\\\/no-agreste-joao-campos-reforca-promessas-para-agua-infraestrutura-e-confeccoes\\\/\"]}]},{\"@type\":\"ImageObject\",\"inLanguage\":\"pt-BR\",\"@id\":\"https:\\\/\\\/zulenealves.com.br\\\/index.php\\\/2026\\\/09\\\/05\\\/no-agreste-joao-campos-reforca-promessas-para-agua-infraestrutura-e-confeccoes\\\/#primaryimage\",\"url\":\"https:\\\/\\\/www.diariodepernambuco.com.br\\\/_midias\\\/jpg\\\/2026\\\/09\\\/05\\\/1200x800\\\/1_joao_agenda_de_sabado_05-952089.jpg\",\"contentUrl\":\"https:\\\/\\\/www.diariodepernambuco.com.br\\\/_midias\\\/jpg\\\/2026\\\/09\\\/05\\\/1200x800\\\/1_joao_agenda_de_sabado_05-952089.jpg\"},{\"@type\":\"BreadcrumbList\",\"@id\":\"https:\\\/\\\/zulenealves.com.br\\\/index.php\\\/2026\\\/09\\\/05\\\/no-agreste-joao-campos-reforca-promessas-para-agua-infraestrutura-e-confeccoes\\\/#breadcrumb\",\"itemListElement\":[{\"@type\":\"ListItem\",\"position\":1,\"name\":\"In\u00edcio\",\"item\":\"https:\\\/\\\/zulenealves.com.br\\\/\"},{\"@type\":\"ListItem\",\"position\":2,\"name\":\"No Agreste, Jo\u00e3o Campos refor\u00e7a promessas para \u00e1gua, infraestrutura e confec\u00e7\u00f5es\"}]},{\"@type\":\"WebSite\",\"@id\":\"https:\\\/\\\/zulenealves.com.br\\\/#website\",\"url\":\"https:\\\/\\\/zulenealves.com.br\\\/\",\"name\":\"Blog Zulene Alves\",\"description\":\"\",\"potentialAction\":[{\"@type\":\"SearchAction\",\"target\":{\"@type\":\"EntryPoint\",\"urlTemplate\":\"https:\\\/\\\/zulenealves.com.br\\\/?s={search_term_string}\"},\"query-input\":{\"@type\":\"PropertyValueSpecification\",\"valueRequired\":true,\"valueName\":\"search_term_string\"}}],\"inLanguage\":\"pt-BR\"},{\"@type\":\"Person\",\"@id\":\"https:\\\/\\\/zulenealves.com.br\\\/#\\\/schema\\\/person\\\/4076c08f761164e658f6461c6b0316ef\",\"name\":\"zulenealves\",\"image\":{\"@type\":\"ImageObject\",\"inLanguage\":\"pt-BR\",\"@id\":\"https:\\\/\\\/secure.gravatar.com\\\/avatar\\\/0c6cfdd7fa501763e4ab9715fb2b12c342c6a1ace0a16a25d743cdfbb340b122?s=96&d=mm&r=g\",\"url\":\"https:\\\/\\\/secure.gravatar.com\\\/avatar\\\/0c6cfdd7fa501763e4ab9715fb2b12c342c6a1ace0a16a25d743cdfbb340b122?s=96&d=mm&r=g\",\"contentUrl\":\"https:\\\/\\\/secure.gravatar.com\\\/avatar\\\/0c6cfdd7fa501763e4ab9715fb2b12c342c6a1ace0a16a25d743cdfbb340b122?s=96&d=mm&r=g\",\"caption\":\"zulenealves\"},\"sameAs\":[\"https:\\\/\\\/zulenealves.com.br\"],\"url\":\"https:\\\/\\\/zulenealves.com.br\\\/index.php\\\/author\\\/zulenealves\\\/\"}]}<\/script>\n<!-- \/ Yoast SEO plugin. -->","yoast_head_json":{"title":"No Agreste, Jo\u00e3o Campos refor\u00e7a promessas para \u00e1gua, infraestrutura e confec\u00e7\u00f5es - Blog Zulene Alves","robots":{"index":"index","follow":"follow","max-snippet":"max-snippet:-1","max-image-preview":"max-image-preview:large","max-video-preview":"max-video-preview:-1"},"canonical":"https:\/\/zulenealves.com.br\/index.php\/2026\/09\/05\/no-agreste-joao-campos-reforca-promessas-para-agua-infraestrutura-e-confeccoes\/","og_locale":"pt_BR","og_type":"article","og_title":"No Agreste, Jo\u00e3o Campos refor\u00e7a promessas para \u00e1gua, infraestrutura e confec\u00e7\u00f5es - Blog Zulene Alves","og_description":"Primeira parada foi em Lagoa dos Gatos, onde Jo\u00e3o caminhou pela feira livre e conversou com moradores e comerciantes O candidato ao Governo de Pernambuco Jo\u00e3o Campos (PSB) concentrou a agenda de campanha da manh\u00e3 deste s\u00e1bado (5) no Agreste. Em passagens por Lagoa dos Gatos e Vertentes, o socialista percorreu feiras livres, participou de ... Leia mais","og_url":"https:\/\/zulenealves.com.br\/index.php\/2026\/09\/05\/no-agreste-joao-campos-reforca-promessas-para-agua-infraestrutura-e-confeccoes\/","og_site_name":"Blog Zulene Alves","article_published_time":"2026-09-05T19:00:32+00:00","article_modified_time":"2026-09-05T20:50:32+00:00","og_image":[{"url":"https:\/\/www.diariodepernambuco.com.br\/_midias\/jpg\/2026\/09\/05\/1200x800\/1_joao_agenda_de_sabado_05-952089.jpg","type":"","width":"","height":""}],"author":"zulenealves","twitter_card":"summary_large_image","twitter_misc":{"Escrito por":"zulenealves","Est. tempo de leitura":"3 minutos"},"schema":{"@context":"https:\/\/schema.org","@graph":[{"@type":"Article","@id":"https:\/\/zulenealves.com.br\/index.php\/2026\/09\/05\/no-agreste-joao-campos-reforca-promessas-para-agua-infraestrutura-e-confeccoes\/#article","isPartOf":{"@id":"https:\/\/zulenealves.com.br\/index.php\/2026\/09\/05\/no-agreste-joao-campos-reforca-promessas-para-agua-infraestrutura-e-confeccoes\/"},"author":{"name":"zulenealves","@id":"https:\/\/zulenealves.com.br\/#\/schema\/person\/4076c08f761164e658f6461c6b0316ef"},"headline":"No Agreste, Jo\u00e3o Campos refor\u00e7a promessas para \u00e1gua, infraestrutura e confec\u00e7\u00f5es","datePublished":"2026-09-05T19:00:32+00:00","dateModified":"2026-09-05T20:50:32+00:00","mainEntityOfPage":{"@id":"https:\/\/zulenealves.com.br\/index.php\/2026\/09\/05\/no-agreste-joao-campos-reforca-promessas-para-agua-infraestrutura-e-confeccoes\/"},"wordCount":486,"image":{"@id":"https:\/\/zulenealves.com.br\/index.php\/2026\/09\/05\/no-agreste-joao-campos-reforca-promessas-para-agua-infraestrutura-e-confeccoes\/#primaryimage"},"thumbnailUrl":"https:\/\/www.diariodepernambuco.com.br\/_midias\/jpg\/2026\/09\/05\/1200x800\/1_joao_agenda_de_sabado_05-952089.jpg","articleSection":["Pol\u00edtica"],"inLanguage":"pt-BR"},{"@type":"WebPage","@id":"https:\/\/zulenealves.com.br\/index.php\/2026\/09\/05\/no-agreste-joao-campos-reforca-promessas-para-agua-infraestrutura-e-confeccoes\/","url":"https:\/\/zulenealves.com.br\/index.php\/2026\/09\/05\/no-agreste-joao-campos-reforca-promessas-para-agua-infraestrutura-e-confeccoes\/","name":"No Agreste, Jo\u00e3o Campos refor\u00e7a promessas para \u00e1gua, infraestrutura e confec\u00e7\u00f5es - Blog Zulene Alves","isPartOf":{"@id":"https:\/\/zulenealves.com.br\/#website"},"primaryImageOfPage":{"@id":"https:\/\/zulenealves.com.br\/index.php\/2026\/09\/05\/no-agreste-joao-campos-reforca-promessas-para-agua-infraestrutura-e-confeccoes\/#primaryimage"},"image":{"@id":"https:\/\/zulenealves.com.br\/index.php\/2026\/09\/05\/no-agreste-joao-campos-reforca-promessas-para-agua-infraestrutura-e-confeccoes\/#primaryimage"},"thumbnailUrl":"https:\/\/www.diariodepernambuco.com.br\/_midias\/jpg\/2026\/09\/05\/1200x800\/1_joao_agenda_de_sabado_05-952089.jpg","datePublished":"2026-09-05T19:00:32+00:00","dateModified":"2026-09-05T20:50:32+00:00","author":{"@id":"https:\/\/zulenealves.com.br\/#\/schema\/person\/4076c08f761164e658f6461c6b0316ef"},"breadcrumb":{"@id":"https:\/\/zulenealves.com.br\/index.php\/2026\/09\/05\/no-agreste-joao-campos-reforca-promessas-para-agua-infraestrutura-e-confeccoes\/#breadcrumb"},"inLanguage":"pt-BR","potentialAction":[{"@type":"ReadAction","target":["https:\/\/zulenealves.com.br\/index.php\/2026\/09\/05\/no-agreste-joao-campos-reforca-promessas-para-agua-infraestrutura-e-confeccoes\/"]}]},{"@type":"ImageObject","inLanguage":"pt-BR","@id":"https:\/\/zulenealves.com.br\/index.php\/2026\/09\/05\/no-agreste-joao-campos-reforca-promessas-para-agua-infraestrutura-e-confeccoes\/#primaryimage","url":"https:\/\/www.diariodepernambuco.com.br\/_midias\/jpg\/2026\/09\/05\/1200x800\/1_joao_agenda_de_sabado_05-952089.jpg","contentUrl":"https:\/\/www.diariodepernambuco.com.br\/_midias\/jpg\/2026\/09\/05\/1200x800\/1_joao_agenda_de_sabado_05-952089.jpg"},{"@type":"BreadcrumbList","@id":"https:\/\/zulenealves.com.br\/index.php\/2026\/09\/05\/no-agreste-joao-campos-reforca-promessas-para-agua-infraestrutura-e-confeccoes\/#breadcrumb","itemListElement":[{"@type":"ListItem","position":1,"name":"In\u00edcio","item":"https:\/\/zulenealves.com.br\/"},{"@type":"ListItem","position":2,"name":"No Agreste, Jo\u00e3o Campos refor\u00e7a promessas para \u00e1gua, infraestrutura e confec\u00e7\u00f5es"}]},{"@type":"WebSite","@id":"https:\/\/zulenealves.com.br\/#website","url":"https:\/\/zulenealves.com.br\/","name":"Blog Zulene Alves","description":"","potentialAction":[{"@type":"SearchAction","target":{"@type":"EntryPoint","urlTemplate":"https:\/\/zulenealves.com.br\/?s={search_term_string}"},"query-input":{"@type":"PropertyValueSpecification","valueRequired":true,"valueName":"search_term_string"}}],"inLanguage":"pt-BR"},{"@type":"Person","@id":"https:\/\/zulenealves.com.br\/#\/schema\/person\/4076c08f761164e658f6461c6b0316ef","name":"zulenealves","image":{"@type":"ImageObject","inLanguage":"pt-BR","@id":"https:\/\/secure.gravatar.com\/avatar\/0c6cfdd7fa501763e4ab9715fb2b12c342c6a1ace0a16a25d743cdfbb340b122?s=96&d=mm&r=g","url":"https:\/\/secure.gravatar.com\/avatar\/0c6cfdd7fa501763e4ab9715fb2b12c342c6a1ace0a16a25d743cdfbb340b122?s=96&d=mm&r=g","contentUrl":"https:\/\/secure.gravatar.com\/avatar\/0c6cfdd7fa501763e4ab9715fb2b12c342c6a1ace0a16a25d743cdfbb340b122?s=96&d=mm&r=g","caption":"zulenealves"},"sameAs":["https:\/\/zulenealves.com.br"],"url":"https:\/\/zulenealves.com.br\/index.php\/author\/zulenealves\/"}]}},"_links":{"self":[{"href":"https:\/\/zulenealves.com.br\/index.php\/wp-json\/wp\/v2\/posts\/51674","targetHints":{"allow":["GET"]}}],"collection":[{"href":"https:\/\/zulenealves.com.br\/index.php\/wp-json\/wp\/v2\/posts"}],"about":[{"href":"https:\/\/zulenealves.com.br\/index.php\/wp-json\/wp\/v2\/types\/post"}],"author":[{"embeddable":true,"href":"https:\/\/zulenealves.com.br\/index.php\/wp-json\/wp\/v2\/users\/1"}],"replies":[{"embeddable":true,"href":"https:\/\/zulenealves.com.br\/index.php\/wp-json\/wp\/v2\/comments?post=51674"}],"version-history":[{"count":1,"href":"https:\/\/zulenealves.com.br\/index.php\/wp-json\/wp\/v2\/posts\/51674\/revisions"}],"predecessor-version":[{"id":51675,"href":"https:\/\/zulenealves.com.br\/index.php\/wp-json\/wp\/v2\/posts\/51674\/revisions\/51675"}],"wp:attachment":[{"href":"https:\/\/zulenealves.com.br\/index.php\/wp-json\/wp\/v2\/media?parent=51674"}],"wp:term":[{"taxonomy":"category","embeddable":true,"href":"https:\/\/zulenealves.com.br\/index.php\/wp-json\/wp\/v2\/categories?post=51674"},{"taxonomy":"post_tag","embeddable":true,"href":"https:\/\/zulenealves.com.br\/index.php\/wp-json\/wp\/v2\/tags?post=51674"}],"curies":[{"name":"wp","href":"https:\/\/api.w.org\/{rel}","templated":true}]}}