{"id":51676,"date":"2026-09-05T17:52:51","date_gmt":"2026-09-05T20:52:51","guid":{"rendered":"https:\/\/zulenealves.com.br\/?p=51676"},"modified":"2026-09-05T17:52:51","modified_gmt":"2026-09-05T20:52:51","slug":"augusto-cury-celebra-crescimento-nas-pesquisas-e-diz-que-vai-pacificar-o-pais","status":"publish","type":"post","link":"https:\/\/zulenealves.com.br\/index.php\/2026\/09\/05\/augusto-cury-celebra-crescimento-nas-pesquisas-e-diz-que-vai-pacificar-o-pais\/","title":{"rendered":"Augusto Cury celebra crescimento nas pesquisas e diz que vai &#8216;pacificar&#8217; o Pa\u00eds"},"content":{"rendered":"<figure style=\"width: 670px\" class=\"wp-caption aligncenter\"><img fetchpriority=\"high\" decoding=\"async\" class=\"image w-full h-auto type:primaryImage\" title=\"Augusto Cury, candidato do Avante (ALOISIO MAURICIO\/ESTAD\u00c3O CONTE\u00daDO)\" src=\"https:\/\/www.diariodepernambuco.com.br\/_midias\/jpg\/2026\/08\/31\/cury_debate_aloisio_mauricio_fotoarena_estadao_conteudo-948376.jpeg\" alt=\"Augusto Cury, candidato do Avante\/ALOISIO MAURICIO\/ESTAD\u00c3O CONTE\u00daDO\" width=\"680\" height=\"420\" data-src=\"https:\/\/www.diariodepernambuco.com.br\/_midias\/jpg\/2026\/08\/31\/cury_debate_aloisio_mauricio_fotoarena_estadao_conteudo-948376.jpeg\" \/><figcaption class=\"wp-caption-text\">Augusto Cury, candidato do Avante (ALOISIO MAURICIO\/ESTAD\u00c3O CONTE\u00daDO)<\/figcaption><\/figure>\n<p style=\"text-align: justify;\"><strong><em>Em carreata realizada em Ara\u00e7atuba, candidato do Avante criticou a polariza\u00e7\u00e3o pol\u00edtica, comemorou o avan\u00e7o nas pesquisas e defendeu um governo voltado \u00e0 pacifica\u00e7\u00e3o do Pa\u00eds.<\/em> <\/strong><\/p>\n<p class=\"texto\" style=\"text-align: justify;\">O candidato do Avante \u00e0 Presid\u00eancia da Rep\u00fablica, Augusto Cury, fez neste s\u00e1bado, 5, na cidade de Ara\u00e7atuba, interior paulista, uma carreata denominada de &#8216;pacifica\u00e7\u00e3o&#8217;. O escritor criticou a polariza\u00e7\u00e3o que ainda existe na <strong><a href=\"https:\/\/www.diariodepernambuco.com.br\/politica\">pol\u00edtica<\/a><\/strong> brasileira, classificando-a de &#8216;insana&#8217; e dizendo que o Brasil n\u00e3o pertence nem \u00e0 fam\u00edlia &#8216;Bolsonaro&#8217; e nem \u00e0 fam\u00edlia &#8216;Lula da Silva&#8217; e que \u00e9 preciso focar em projetos e n\u00e3o em ataques pessoais.<\/p>\n<p class=\"texto\" style=\"text-align: justify;\">Neste s\u00e1bado, o candidato celebrou o seu crescimento nas pesquisas de inten\u00e7\u00e3o de voto. &#8220;Fiquei sabendo que no Cear\u00e1 tive o maior crescimento da hist\u00f3ria do Brasil em uma semana&#8221;, destacou, citando que saiu de 0,2% em junho para 12,3%.<\/p>\n<p class=\"texto\" style=\"text-align: justify;\">Os dados se referem \u00e0 pesquisa Atlas\/Focus, divulgada na sexta-feira, 4, realizada entre os dias 28 de agosto a 2 de setembro, e com registro BR-07411\/2026. Ele agradeceu o eleitor nordestino e de todas as regi\u00f5es do Pa\u00eds.<\/p>\n<p class=\"texto\" style=\"text-align: justify;\">&#8220;O Brasil tem cura e merece ser pacificado&#8221;, frisou Cury, na carreata feita em Ara\u00e7atuba.<\/p>\n<p class=\"texto\" style=\"text-align: justify;\">Em um post na sua conta oficial do Instagram, o candidato ainda disse: &#8220;Os brasileiros est\u00e3o percebendo que existe, sim, um novo caminho para o Pa\u00eds. O Cear\u00e1 mandou um recado forte. E o Nordeste come\u00e7a a mostrar que a esperan\u00e7a tamb\u00e9m cresce quando encontra coragem.&#8221;<\/p>\n<p class=\"texto\" style=\"text-align: justify;\">Na carreata, <strong><a href=\"https:\/\/www.diariodepernambuco.com.br\/tags\/Augusto%20cury\/\">Cury<\/a><\/strong> agradeceu pessoas de todas as vertentes religiosas, citando pastores evang\u00e9licos, padres e freiras, esp\u00edritas, budistas, islamitas e, depois, mencionou os ateus. &#8220;J\u00e1 fui ateu, mas quando estudei a mente de Cristo, me curvei aos p\u00e9s dele, que foi o maior pacificador da hist\u00f3ria&#8221;, disse, destacando que deseja governar para todo o Brasil.<\/p>\n<p style=\"text-align: justify;\"><span style=\"font-size: 10pt;\"><em><strong> <a class=\"hover:underline\" title=\"Mais de Estad\u00e3o Conte\u00fado\" href=\"https:\/\/www.diariodepernambuco.com.br\/autor\/estadao-conteudo\/\">Estad\u00e3o Conte\u00fado<\/a> <\/strong><\/em><\/span><\/p>\n<div class=\"gsp_post_data\" \r\n\t            data-post_type=\"post\" \r\n\t            data-cat=\"brasil,politica\" \r\n\t            data-modified=\"120\"\r\n\t            data-created=\"1788630771\"\r\n\t            data-title=\"Augusto Cury celebra crescimento nas pesquisas e diz que vai &#8216;pacificar&#8217; o Pa\u00eds\" \r\n\t            data-home=\"https:\/\/zulenealves.com.br\"><\/div>","protected":false},"excerpt":{"rendered":"<p>Em carreata realizada em Ara\u00e7atuba, candidato do Avante criticou a polariza\u00e7\u00e3o pol\u00edtica, comemorou o avan\u00e7o nas pesquisas e defendeu um governo voltado \u00e0 pacifica\u00e7\u00e3o do Pa\u00eds. O candidato do Avante \u00e0 Presid\u00eancia da Rep\u00fablica, Augusto Cury, fez neste s\u00e1bado, 5, na cidade de Ara\u00e7atuba, interior paulista, uma carreata denominada de &#8216;pacifica\u00e7\u00e3o&#8217;. O escritor criticou a &#8230; <\/p>\n<p class=\"read-more-container\"><a title=\"Augusto Cury celebra crescimento nas pesquisas e diz que vai &#8216;pacificar&#8217; o Pa\u00eds\" class=\"read-more button\" href=\"https:\/\/zulenealves.com.br\/index.php\/2026\/09\/05\/augusto-cury-celebra-crescimento-nas-pesquisas-e-diz-que-vai-pacificar-o-pais\/#more-51676\" aria-label=\"More on Augusto Cury celebra crescimento nas pesquisas e diz que vai &#8216;pacificar&#8217; o Pa\u00eds\">Leia mais<\/a><\/p>\n","protected":false},"author":1,"featured_media":0,"comment_status":"closed","ping_status":"closed","sticky":false,"template":"","format":"standard","meta":{"footnotes":""},"categories":[16,12],"tags":[],"class_list":["post-51676","post","type-post","status-publish","format-standard","hentry","category-brasil","category-politica"],"yoast_head":"<!-- This site is optimized with the Yoast SEO plugin v28.4 - https:\/\/yoast.com\/product\/yoast-seo-wordpress\/ -->\n<title>Augusto Cury celebra crescimento nas pesquisas e diz que vai &#039;pacificar&#039; o Pa\u00eds - Blog Zulene Alves<\/title>\n<meta name=\"robots\" content=\"index, follow, max-snippet:-1, max-image-preview:large, max-video-preview:-1\" \/>\n<link rel=\"canonical\" href=\"https:\/\/zulenealves.com.br\/index.php\/2026\/09\/05\/augusto-cury-celebra-crescimento-nas-pesquisas-e-diz-que-vai-pacificar-o-pais\/\" \/>\n<meta property=\"og:locale\" content=\"pt_BR\" \/>\n<meta property=\"og:type\" content=\"article\" \/>\n<meta property=\"og:title\" content=\"Augusto Cury celebra crescimento nas pesquisas e diz que vai &#039;pacificar&#039; o Pa\u00eds - Blog Zulene Alves\" \/>\n<meta property=\"og:description\" content=\"Em carreata realizada em Ara\u00e7atuba, candidato do Avante criticou a polariza\u00e7\u00e3o pol\u00edtica, comemorou o avan\u00e7o nas pesquisas e defendeu um governo voltado \u00e0 pacifica\u00e7\u00e3o do Pa\u00eds. O candidato do Avante \u00e0 Presid\u00eancia da Rep\u00fablica, Augusto Cury, fez neste s\u00e1bado, 5, na cidade de Ara\u00e7atuba, interior paulista, uma carreata denominada de &#8216;pacifica\u00e7\u00e3o&#8217;. O escritor criticou a ... Leia mais\" \/>\n<meta property=\"og:url\" content=\"https:\/\/zulenealves.com.br\/index.php\/2026\/09\/05\/augusto-cury-celebra-crescimento-nas-pesquisas-e-diz-que-vai-pacificar-o-pais\/\" \/>\n<meta property=\"og:site_name\" content=\"Blog Zulene Alves\" \/>\n<meta property=\"article:published_time\" content=\"2026-09-05T20:52:51+00:00\" \/>\n<meta property=\"og:image\" content=\"https:\/\/www.diariodepernambuco.com.br\/_midias\/jpg\/2026\/08\/31\/cury_debate_aloisio_mauricio_fotoarena_estadao_conteudo-948376.jpeg\" \/>\n<meta name=\"author\" content=\"zulenealves\" \/>\n<meta name=\"twitter:card\" content=\"summary_large_image\" \/>\n<meta name=\"twitter:label1\" content=\"Escrito por\" \/>\n\t<meta name=\"twitter:data1\" content=\"zulenealves\" \/>\n\t<meta name=\"twitter:label2\" content=\"Est. tempo de leitura\" \/>\n\t<meta name=\"twitter:data2\" content=\"2 minutos\" \/>\n<script type=\"application\/ld+json\" class=\"yoast-schema-graph\">{\"@context\":\"https:\\\/\\\/schema.org\",\"@graph\":[{\"@type\":\"Article\",\"@id\":\"https:\\\/\\\/zulenealves.com.br\\\/index.php\\\/2026\\\/09\\\/05\\\/augusto-cury-celebra-crescimento-nas-pesquisas-e-diz-que-vai-pacificar-o-pais\\\/#article\",\"isPartOf\":{\"@id\":\"https:\\\/\\\/zulenealves.com.br\\\/index.php\\\/2026\\\/09\\\/05\\\/augusto-cury-celebra-crescimento-nas-pesquisas-e-diz-que-vai-pacificar-o-pais\\\/\"},\"author\":{\"name\":\"zulenealves\",\"@id\":\"https:\\\/\\\/zulenealves.com.br\\\/#\\\/schema\\\/person\\\/4076c08f761164e658f6461c6b0316ef\"},\"headline\":\"Augusto Cury celebra crescimento nas pesquisas e diz que vai &#8216;pacificar&#8217; o Pa\u00eds\",\"datePublished\":\"2026-09-05T20:52:51+00:00\",\"mainEntityOfPage\":{\"@id\":\"https:\\\/\\\/zulenealves.com.br\\\/index.php\\\/2026\\\/09\\\/05\\\/augusto-cury-celebra-crescimento-nas-pesquisas-e-diz-que-vai-pacificar-o-pais\\\/\"},\"wordCount\":345,\"image\":{\"@id\":\"https:\\\/\\\/zulenealves.com.br\\\/index.php\\\/2026\\\/09\\\/05\\\/augusto-cury-celebra-crescimento-nas-pesquisas-e-diz-que-vai-pacificar-o-pais\\\/#primaryimage\"},\"thumbnailUrl\":\"https:\\\/\\\/www.diariodepernambuco.com.br\\\/_midias\\\/jpg\\\/2026\\\/08\\\/31\\\/cury_debate_aloisio_mauricio_fotoarena_estadao_conteudo-948376.jpeg\",\"articleSection\":[\"Brasil\",\"Pol\u00edtica\"],\"inLanguage\":\"pt-BR\"},{\"@type\":\"WebPage\",\"@id\":\"https:\\\/\\\/zulenealves.com.br\\\/index.php\\\/2026\\\/09\\\/05\\\/augusto-cury-celebra-crescimento-nas-pesquisas-e-diz-que-vai-pacificar-o-pais\\\/\",\"url\":\"https:\\\/\\\/zulenealves.com.br\\\/index.php\\\/2026\\\/09\\\/05\\\/augusto-cury-celebra-crescimento-nas-pesquisas-e-diz-que-vai-pacificar-o-pais\\\/\",\"name\":\"Augusto Cury celebra crescimento nas pesquisas e diz que vai 'pacificar' o Pa\u00eds - Blog Zulene Alves\",\"isPartOf\":{\"@id\":\"https:\\\/\\\/zulenealves.com.br\\\/#website\"},\"primaryImageOfPage\":{\"@id\":\"https:\\\/\\\/zulenealves.com.br\\\/index.php\\\/2026\\\/09\\\/05\\\/augusto-cury-celebra-crescimento-nas-pesquisas-e-diz-que-vai-pacificar-o-pais\\\/#primaryimage\"},\"image\":{\"@id\":\"https:\\\/\\\/zulenealves.com.br\\\/index.php\\\/2026\\\/09\\\/05\\\/augusto-cury-celebra-crescimento-nas-pesquisas-e-diz-que-vai-pacificar-o-pais\\\/#primaryimage\"},\"thumbnailUrl\":\"https:\\\/\\\/www.diariodepernambuco.com.br\\\/_midias\\\/jpg\\\/2026\\\/08\\\/31\\\/cury_debate_aloisio_mauricio_fotoarena_estadao_conteudo-948376.jpeg\",\"datePublished\":\"2026-09-05T20:52:51+00:00\",\"author\":{\"@id\":\"https:\\\/\\\/zulenealves.com.br\\\/#\\\/schema\\\/person\\\/4076c08f761164e658f6461c6b0316ef\"},\"breadcrumb\":{\"@id\":\"https:\\\/\\\/zulenealves.com.br\\\/index.php\\\/2026\\\/09\\\/05\\\/augusto-cury-celebra-crescimento-nas-pesquisas-e-diz-que-vai-pacificar-o-pais\\\/#breadcrumb\"},\"inLanguage\":\"pt-BR\",\"potentialAction\":[{\"@type\":\"ReadAction\",\"target\":[\"https:\\\/\\\/zulenealves.com.br\\\/index.php\\\/2026\\\/09\\\/05\\\/augusto-cury-celebra-crescimento-nas-pesquisas-e-diz-que-vai-pacificar-o-pais\\\/\"]}]},{\"@type\":\"ImageObject\",\"inLanguage\":\"pt-BR\",\"@id\":\"https:\\\/\\\/zulenealves.com.br\\\/index.php\\\/2026\\\/09\\\/05\\\/augusto-cury-celebra-crescimento-nas-pesquisas-e-diz-que-vai-pacificar-o-pais\\\/#primaryimage\",\"url\":\"https:\\\/\\\/www.diariodepernambuco.com.br\\\/_midias\\\/jpg\\\/2026\\\/08\\\/31\\\/cury_debate_aloisio_mauricio_fotoarena_estadao_conteudo-948376.jpeg\",\"contentUrl\":\"https:\\\/\\\/www.diariodepernambuco.com.br\\\/_midias\\\/jpg\\\/2026\\\/08\\\/31\\\/cury_debate_aloisio_mauricio_fotoarena_estadao_conteudo-948376.jpeg\"},{\"@type\":\"BreadcrumbList\",\"@id\":\"https:\\\/\\\/zulenealves.com.br\\\/index.php\\\/2026\\\/09\\\/05\\\/augusto-cury-celebra-crescimento-nas-pesquisas-e-diz-que-vai-pacificar-o-pais\\\/#breadcrumb\",\"itemListElement\":[{\"@type\":\"ListItem\",\"position\":1,\"name\":\"In\u00edcio\",\"item\":\"https:\\\/\\\/zulenealves.com.br\\\/\"},{\"@type\":\"ListItem\",\"position\":2,\"name\":\"Augusto Cury celebra crescimento nas pesquisas e diz que vai &#8216;pacificar&#8217; o Pa\u00eds\"}]},{\"@type\":\"WebSite\",\"@id\":\"https:\\\/\\\/zulenealves.com.br\\\/#website\",\"url\":\"https:\\\/\\\/zulenealves.com.br\\\/\",\"name\":\"Blog Zulene Alves\",\"description\":\"\",\"potentialAction\":[{\"@type\":\"SearchAction\",\"target\":{\"@type\":\"EntryPoint\",\"urlTemplate\":\"https:\\\/\\\/zulenealves.com.br\\\/?s={search_term_string}\"},\"query-input\":{\"@type\":\"PropertyValueSpecification\",\"valueRequired\":true,\"valueName\":\"search_term_string\"}}],\"inLanguage\":\"pt-BR\"},{\"@type\":\"Person\",\"@id\":\"https:\\\/\\\/zulenealves.com.br\\\/#\\\/schema\\\/person\\\/4076c08f761164e658f6461c6b0316ef\",\"name\":\"zulenealves\",\"image\":{\"@type\":\"ImageObject\",\"inLanguage\":\"pt-BR\",\"@id\":\"https:\\\/\\\/secure.gravatar.com\\\/avatar\\\/0c6cfdd7fa501763e4ab9715fb2b12c342c6a1ace0a16a25d743cdfbb340b122?s=96&d=mm&r=g\",\"url\":\"https:\\\/\\\/secure.gravatar.com\\\/avatar\\\/0c6cfdd7fa501763e4ab9715fb2b12c342c6a1ace0a16a25d743cdfbb340b122?s=96&d=mm&r=g\",\"contentUrl\":\"https:\\\/\\\/secure.gravatar.com\\\/avatar\\\/0c6cfdd7fa501763e4ab9715fb2b12c342c6a1ace0a16a25d743cdfbb340b122?s=96&d=mm&r=g\",\"caption\":\"zulenealves\"},\"sameAs\":[\"https:\\\/\\\/zulenealves.com.br\"],\"url\":\"https:\\\/\\\/zulenealves.com.br\\\/index.php\\\/author\\\/zulenealves\\\/\"}]}<\/script>\n<!-- \/ Yoast SEO plugin. -->","yoast_head_json":{"title":"Augusto Cury celebra crescimento nas pesquisas e diz que vai 'pacificar' o Pa\u00eds - Blog Zulene Alves","robots":{"index":"index","follow":"follow","max-snippet":"max-snippet:-1","max-image-preview":"max-image-preview:large","max-video-preview":"max-video-preview:-1"},"canonical":"https:\/\/zulenealves.com.br\/index.php\/2026\/09\/05\/augusto-cury-celebra-crescimento-nas-pesquisas-e-diz-que-vai-pacificar-o-pais\/","og_locale":"pt_BR","og_type":"article","og_title":"Augusto Cury celebra crescimento nas pesquisas e diz que vai 'pacificar' o Pa\u00eds - Blog Zulene Alves","og_description":"Em carreata realizada em Ara\u00e7atuba, candidato do Avante criticou a polariza\u00e7\u00e3o pol\u00edtica, comemorou o avan\u00e7o nas pesquisas e defendeu um governo voltado \u00e0 pacifica\u00e7\u00e3o do Pa\u00eds. O candidato do Avante \u00e0 Presid\u00eancia da Rep\u00fablica, Augusto Cury, fez neste s\u00e1bado, 5, na cidade de Ara\u00e7atuba, interior paulista, uma carreata denominada de &#8216;pacifica\u00e7\u00e3o&#8217;. O escritor criticou a ... Leia mais","og_url":"https:\/\/zulenealves.com.br\/index.php\/2026\/09\/05\/augusto-cury-celebra-crescimento-nas-pesquisas-e-diz-que-vai-pacificar-o-pais\/","og_site_name":"Blog Zulene Alves","article_published_time":"2026-09-05T20:52:51+00:00","og_image":[{"url":"https:\/\/www.diariodepernambuco.com.br\/_midias\/jpg\/2026\/08\/31\/cury_debate_aloisio_mauricio_fotoarena_estadao_conteudo-948376.jpeg","type":"","width":"","height":""}],"author":"zulenealves","twitter_card":"summary_large_image","twitter_misc":{"Escrito por":"zulenealves","Est. tempo de leitura":"2 minutos"},"schema":{"@context":"https:\/\/schema.org","@graph":[{"@type":"Article","@id":"https:\/\/zulenealves.com.br\/index.php\/2026\/09\/05\/augusto-cury-celebra-crescimento-nas-pesquisas-e-diz-que-vai-pacificar-o-pais\/#article","isPartOf":{"@id":"https:\/\/zulenealves.com.br\/index.php\/2026\/09\/05\/augusto-cury-celebra-crescimento-nas-pesquisas-e-diz-que-vai-pacificar-o-pais\/"},"author":{"name":"zulenealves","@id":"https:\/\/zulenealves.com.br\/#\/schema\/person\/4076c08f761164e658f6461c6b0316ef"},"headline":"Augusto Cury celebra crescimento nas pesquisas e diz que vai &#8216;pacificar&#8217; o Pa\u00eds","datePublished":"2026-09-05T20:52:51+00:00","mainEntityOfPage":{"@id":"https:\/\/zulenealves.com.br\/index.php\/2026\/09\/05\/augusto-cury-celebra-crescimento-nas-pesquisas-e-diz-que-vai-pacificar-o-pais\/"},"wordCount":345,"image":{"@id":"https:\/\/zulenealves.com.br\/index.php\/2026\/09\/05\/augusto-cury-celebra-crescimento-nas-pesquisas-e-diz-que-vai-pacificar-o-pais\/#primaryimage"},"thumbnailUrl":"https:\/\/www.diariodepernambuco.com.br\/_midias\/jpg\/2026\/08\/31\/cury_debate_aloisio_mauricio_fotoarena_estadao_conteudo-948376.jpeg","articleSection":["Brasil","Pol\u00edtica"],"inLanguage":"pt-BR"},{"@type":"WebPage","@id":"https:\/\/zulenealves.com.br\/index.php\/2026\/09\/05\/augusto-cury-celebra-crescimento-nas-pesquisas-e-diz-que-vai-pacificar-o-pais\/","url":"https:\/\/zulenealves.com.br\/index.php\/2026\/09\/05\/augusto-cury-celebra-crescimento-nas-pesquisas-e-diz-que-vai-pacificar-o-pais\/","name":"Augusto Cury celebra crescimento nas pesquisas e diz que vai 'pacificar' o Pa\u00eds - Blog Zulene Alves","isPartOf":{"@id":"https:\/\/zulenealves.com.br\/#website"},"primaryImageOfPage":{"@id":"https:\/\/zulenealves.com.br\/index.php\/2026\/09\/05\/augusto-cury-celebra-crescimento-nas-pesquisas-e-diz-que-vai-pacificar-o-pais\/#primaryimage"},"image":{"@id":"https:\/\/zulenealves.com.br\/index.php\/2026\/09\/05\/augusto-cury-celebra-crescimento-nas-pesquisas-e-diz-que-vai-pacificar-o-pais\/#primaryimage"},"thumbnailUrl":"https:\/\/www.diariodepernambuco.com.br\/_midias\/jpg\/2026\/08\/31\/cury_debate_aloisio_mauricio_fotoarena_estadao_conteudo-948376.jpeg","datePublished":"2026-09-05T20:52:51+00:00","author":{"@id":"https:\/\/zulenealves.com.br\/#\/schema\/person\/4076c08f761164e658f6461c6b0316ef"},"breadcrumb":{"@id":"https:\/\/zulenealves.com.br\/index.php\/2026\/09\/05\/augusto-cury-celebra-crescimento-nas-pesquisas-e-diz-que-vai-pacificar-o-pais\/#breadcrumb"},"inLanguage":"pt-BR","potentialAction":[{"@type":"ReadAction","target":["https:\/\/zulenealves.com.br\/index.php\/2026\/09\/05\/augusto-cury-celebra-crescimento-nas-pesquisas-e-diz-que-vai-pacificar-o-pais\/"]}]},{"@type":"ImageObject","inLanguage":"pt-BR","@id":"https:\/\/zulenealves.com.br\/index.php\/2026\/09\/05\/augusto-cury-celebra-crescimento-nas-pesquisas-e-diz-que-vai-pacificar-o-pais\/#primaryimage","url":"https:\/\/www.diariodepernambuco.com.br\/_midias\/jpg\/2026\/08\/31\/cury_debate_aloisio_mauricio_fotoarena_estadao_conteudo-948376.jpeg","contentUrl":"https:\/\/www.diariodepernambuco.com.br\/_midias\/jpg\/2026\/08\/31\/cury_debate_aloisio_mauricio_fotoarena_estadao_conteudo-948376.jpeg"},{"@type":"BreadcrumbList","@id":"https:\/\/zulenealves.com.br\/index.php\/2026\/09\/05\/augusto-cury-celebra-crescimento-nas-pesquisas-e-diz-que-vai-pacificar-o-pais\/#breadcrumb","itemListElement":[{"@type":"ListItem","position":1,"name":"In\u00edcio","item":"https:\/\/zulenealves.com.br\/"},{"@type":"ListItem","position":2,"name":"Augusto Cury celebra crescimento nas pesquisas e diz que vai &#8216;pacificar&#8217; o Pa\u00eds"}]},{"@type":"WebSite","@id":"https:\/\/zulenealves.com.br\/#website","url":"https:\/\/zulenealves.com.br\/","name":"Blog Zulene Alves","description":"","potentialAction":[{"@type":"SearchAction","target":{"@type":"EntryPoint","urlTemplate":"https:\/\/zulenealves.com.br\/?s={search_term_string}"},"query-input":{"@type":"PropertyValueSpecification","valueRequired":true,"valueName":"search_term_string"}}],"inLanguage":"pt-BR"},{"@type":"Person","@id":"https:\/\/zulenealves.com.br\/#\/schema\/person\/4076c08f761164e658f6461c6b0316ef","name":"zulenealves","image":{"@type":"ImageObject","inLanguage":"pt-BR","@id":"https:\/\/secure.gravatar.com\/avatar\/0c6cfdd7fa501763e4ab9715fb2b12c342c6a1ace0a16a25d743cdfbb340b122?s=96&d=mm&r=g","url":"https:\/\/secure.gravatar.com\/avatar\/0c6cfdd7fa501763e4ab9715fb2b12c342c6a1ace0a16a25d743cdfbb340b122?s=96&d=mm&r=g","contentUrl":"https:\/\/secure.gravatar.com\/avatar\/0c6cfdd7fa501763e4ab9715fb2b12c342c6a1ace0a16a25d743cdfbb340b122?s=96&d=mm&r=g","caption":"zulenealves"},"sameAs":["https:\/\/zulenealves.com.br"],"url":"https:\/\/zulenealves.com.br\/index.php\/author\/zulenealves\/"}]}},"_links":{"self":[{"href":"https:\/\/zulenealves.com.br\/index.php\/wp-json\/wp\/v2\/posts\/51676","targetHints":{"allow":["GET"]}}],"collection":[{"href":"https:\/\/zulenealves.com.br\/index.php\/wp-json\/wp\/v2\/posts"}],"about":[{"href":"https:\/\/zulenealves.com.br\/index.php\/wp-json\/wp\/v2\/types\/post"}],"author":[{"embeddable":true,"href":"https:\/\/zulenealves.com.br\/index.php\/wp-json\/wp\/v2\/users\/1"}],"replies":[{"embeddable":true,"href":"https:\/\/zulenealves.com.br\/index.php\/wp-json\/wp\/v2\/comments?post=51676"}],"version-history":[{"count":1,"href":"https:\/\/zulenealves.com.br\/index.php\/wp-json\/wp\/v2\/posts\/51676\/revisions"}],"predecessor-version":[{"id":51677,"href":"https:\/\/zulenealves.com.br\/index.php\/wp-json\/wp\/v2\/posts\/51676\/revisions\/51677"}],"wp:attachment":[{"href":"https:\/\/zulenealves.com.br\/index.php\/wp-json\/wp\/v2\/media?parent=51676"}],"wp:term":[{"taxonomy":"category","embeddable":true,"href":"https:\/\/zulenealves.com.br\/index.php\/wp-json\/wp\/v2\/categories?post=51676"},{"taxonomy":"post_tag","embeddable":true,"href":"https:\/\/zulenealves.com.br\/index.php\/wp-json\/wp\/v2\/tags?post=51676"}],"curies":[{"name":"wp","href":"https:\/\/api.w.org\/{rel}","templated":true}]}}